{"id":101698,"date":"2026-04-25T00:00:19","date_gmt":"2026-04-25T04:00:19","guid":{"rendered":"https:\/\/www.radioamigavallenar.cl\/?p=101698"},"modified":"2026-04-24T23:58:25","modified_gmt":"2026-04-25T03:58:25","slug":"xpp-copiapoa-es-reconocido-como-una-de-las-iniciativas-destacadas-en-accion-climatica-a-nivel-nacional","status":"publish","type":"post","link":"https:\/\/www.radioamigavallenar.cl\/?p=101698","title":{"rendered":"XPP Copiapoa es reconocido como una de las iniciativas destacadas en acci\u00f3n clim\u00e1tica a nivel nacional"},"content":{"rendered":"<p>El programa XPP Copiapoa fue reconocido como una de las 15 iniciativas destacadas a nivel nacional en la primera edici\u00f3n de ColaboraX, en la categor\u00eda \u201cAcci\u00f3n por el Clima\u201d, impulsada por CAF \u2013 Banco de Desarrollo de Am\u00e9rica Latina y el Caribe.<\/p>\n<p>Este reconocimiento se enmarca en un proceso que convoc\u00f3 m\u00e1s de 300 postulaciones a nivel nacional, evaluadas por un jurado multisectorial, y que en conjunto representan iniciativas con impacto en m\u00e1s de 1.200.000 personas en Chile. ColaboraX, iniciativa organizada por Gulliver, Innovaci\u00f3n de El Mercurio y 3xi, busca visibilizar proyectos que, desde la colaboraci\u00f3n, aportan a los principales desaf\u00edos del pa\u00eds. La distinci\u00f3n pone en valor la capacidad del proyecto para articular actores diversos en torno a un prop\u00f3sito com\u00fan, destacando el rol de la colaboraci\u00f3n en el desarrollo de soluciones innovadoras frente a la crisis clim\u00e1tica y la p\u00e9rdida de biodiversidad.<\/p>\n<h2 style=\"text-align: center;\"><strong>Un modelo piloto para la prevenci\u00f3n de extinciones<\/strong><\/h2>\n<p>XPP Copiapoa es el primer piloto en Chile del Programa de Prevenci\u00f3n de Extinciones (XPP), un modelo dise\u00f1ado por Cienciambiental que busca actuar de manera anticipada frente al riesgo de p\u00e9rdida de biodiversidad.<\/p>\n<p>Este modelo se implementa de manera articulada junto al Instituto de Ecolog\u00eda y Biodiversidad (IEB) e Insular Chile, integrando investigaci\u00f3n cient\u00edfica, conservaci\u00f3n y restauraci\u00f3n ecol\u00f3gica, y trabajo territorial, para avanzar hacia un modelo escalable de protecci\u00f3n de especies en el largo plazo.<\/p>\n<p>\u201cEste reconocimiento destaca la importancia de avanzar hacia modelos de conservaci\u00f3n colaborativos que integren ciencia, comunidades e instituciones p\u00fablicas y privadas. XPP Copiapoa es un proyecto piloto en Chile que busca actuar con urgencia fomentando esfuerzos transversales para lograr un impacto real en las poblaciones de especies amenazadas y reducir riesgos de extinci\u00f3n, articulando a diversos actores en torno a un prop\u00f3sito com\u00fan \u201d, se\u00f1ala Marcela Torres, directora del proyecto por parte de Cienciambiental.<\/p>\n<p>En este marco, la restauraci\u00f3n ecol\u00f3gica se posiciona como un componente clave para fortalecer la resiliencia de los ecosistemas. \u201cLa restauraci\u00f3n ecol\u00f3gica permite recuperar la funcionalidad de los ecosistemas, lo que puede mejorar su capacidad de adaptaci\u00f3n y resiliencia al cambio clim\u00e1tico. Esto toma especial relevancia en ecosistemas fr\u00e1giles, fragmentados y \u00fanicos, como los que habita el g\u00e9nero Copiapoa\u201d, se\u00f1ala I\u00f1igo Ricalde, cofundador y gerente general de Insular.<\/p>\n<h2 style=\"text-align: center;\"><strong>Un enfoque integrado para la conservaci\u00f3n del desierto de Atacam<\/strong>a<\/h2>\n<p>El modelo XPP se estructura en torno a cuatro ejes estrat\u00e9gicos: investigaci\u00f3n e innovaci\u00f3n, conservaci\u00f3n y restauraci\u00f3n, desarrollo local y educaci\u00f3n, y articulaci\u00f3n estrat\u00e9gica. En conjunto, estos permiten abordar la conservaci\u00f3n desde una perspectiva integral, basada en evidencia y con proyecci\u00f3n territorial.<\/p>\n<p>\u201cEste reconocimiento valida una premisa central del programa: que los ecosistemas hiper\u00e1ridos costeros funcionan como laboratorios naturales para anticipar respuestas biol\u00f3gicas al cambio clim\u00e1tico. La integraci\u00f3n de microclima, gen\u00f3mica e is\u00f3topos permite traducir procesos eco-evolutivos en indicadores concretos de vulnerabilidad y adaptaci\u00f3n\u201d, explica Pablo Guerrero, investigador del Instituto de Ecolog\u00eda y Biodiversidad (IEB).<\/p>\n<p>Desde el \u00e1mbito cient\u00edfico, el programa posiciona a los ecosistemas del desierto del norte de Chile como espacios clave para comprender procesos de adaptaci\u00f3n en condiciones extremas, y desde el \u00e1mbito comunitario busca que las comunidades locales valoren la naturaleza que los rodea y tengan un rol activo en su cuidado.<\/p>\n<p>Asimismo, el reconocimiento refuerza el car\u00e1cter articulador del programa, integrando academia, sector p\u00fablico y privado mediante un enfoque interdisciplinario que proyecta la evidencia cient\u00edfica en decisiones concretas de conservaci\u00f3n.<\/p>\n","protected":false},"excerpt":{"rendered":"<p>El programa XPP Copiapoa fue reconocido como una de las 15 iniciativas destacadas a nivel nacional en la primera edici\u00f3n de ColaboraX, en la categor\u00eda&hellip; <\/p>\n","protected":false},"author":7,"featured_media":101699,"comment_status":"closed","ping_status":"closed","sticky":false,"template":"","format":"standard","meta":{"footnotes":""},"categories":[38],"tags":[],"class_list":["post-101698","post","type-post","status-publish","format-standard","has-post-thumbnail","hentry","category-portada-regional"],"_links":{"self":[{"href":"https:\/\/www.radioamigavallenar.cl\/index.php?rest_route=\/wp\/v2\/posts\/101698","targetHints":{"allow":["GET"]}}],"collection":[{"href":"https:\/\/www.radioamigavallenar.cl\/index.php?rest_route=\/wp\/v2\/posts"}],"about":[{"href":"https:\/\/www.radioamigavallenar.cl\/index.php?rest_route=\/wp\/v2\/types\/post"}],"author":[{"embeddable":true,"href":"https:\/\/www.radioamigavallenar.cl\/index.php?rest_route=\/wp\/v2\/users\/7"}],"replies":[{"embeddable":true,"href":"https:\/\/www.radioamigavallenar.cl\/index.php?rest_route=%2Fwp%2Fv2%2Fcomments&post=101698"}],"version-history":[{"count":1,"href":"https:\/\/www.radioamigavallenar.cl\/index.php?rest_route=\/wp\/v2\/posts\/101698\/revisions"}],"predecessor-version":[{"id":101700,"href":"https:\/\/www.radioamigavallenar.cl\/index.php?rest_route=\/wp\/v2\/posts\/101698\/revisions\/101700"}],"wp:featuredmedia":[{"embeddable":true,"href":"https:\/\/www.radioamigavallenar.cl\/index.php?rest_route=\/wp\/v2\/media\/101699"}],"wp:attachment":[{"href":"https:\/\/www.radioamigavallenar.cl\/index.php?rest_route=%2Fwp%2Fv2%2Fmedia&parent=101698"}],"wp:term":[{"taxonomy":"category","embeddable":true,"href":"https:\/\/www.radioamigavallenar.cl\/index.php?rest_route=%2Fwp%2Fv2%2Fcategories&post=101698"},{"taxonomy":"post_tag","embeddable":true,"href":"https:\/\/www.radioamigavallenar.cl\/index.php?rest_route=%2Fwp%2Fv2%2Ftags&post=101698"}],"curies":[{"name":"wp","href":"https:\/\/api.w.org\/{rel}","templated":true}]}}