{"id":101695,"date":"2026-04-25T00:00:04","date_gmt":"2026-04-25T04:00:04","guid":{"rendered":"https:\/\/www.radioamigavallenar.cl\/?p=101695"},"modified":"2026-04-25T00:11:48","modified_gmt":"2026-04-25T04:11:48","slug":"prohiben-funcionamiento-de-locales-y-decomisan-cerca-de-87-kilos-de-alimentos-no-aptos-en-copiapo","status":"publish","type":"post","link":"https:\/\/www.radioamigavallenar.cl\/?p=101695","title":{"rendered":"Proh\u00edben funcionamiento de locales y decomisan cerca de 87 kilos de alimentos no aptos en Copiap\u00f3"},"content":{"rendered":"<p>Fiscalizaci\u00f3n intersectorial detect\u00f3 graves incumplimientos sanitarios.<\/p>\n<p>En el marco de un operativo intersectorial de fiscalizaci\u00f3n realizado en el sector Poblaci\u00f3n Ampliaci\u00f3n Prat en Copiap\u00f3, distintos servicios p\u00fablicos se desplegaron con el objetivo de verificar condiciones sanitarias, cumplimiento normativo y funcionamiento de actividades comerciales.<\/p>\n<p>La fiscalizaci\u00f3n se llev\u00f3 a cabo en una galer\u00eda ubicada en calle Carlos Condell y Avenida Los Loros, donde se detectaron deficiencias de higiene, presencia de vectores de inter\u00e9s sanitario, manipulaci\u00f3n inadecuada de alimentos, funcionamiento sin autorizaci\u00f3n sanitaria y no acatamiento de medidas previamente decretadas.<\/p>\n<p>Sobre ello, la seremi de Salud, Silvana Flores, se\u00f1al\u00f3 que \u201cen esta fiscalizaci\u00f3n se cursaron tres sumarios sanitarios con prohibici\u00f3n de funcionamiento y se decomisaron cerca de 87 kilos de alimentos no aptos para el consumo, debido a condiciones sanitarias deficientes que representan un riesgo inminente para la salud de las personas\u201d.<\/p>\n<p>El operativo incluy\u00f3 siete controles vehiculares y nueve controles de identidad; se cursaron tres infracciones por trabajar sin patente municipal y cinco infracciones a la normativa de tr\u00e1nsito; se retiraron dos motocicletas de circulaci\u00f3n y se efectu\u00f3 una notificaci\u00f3n para la regularizaci\u00f3n de impuestos.<\/p>\n<p>En este contexto, el seremi de Seguridad P\u00fablica, Gabriel Ortega, destac\u00f3 que \u201cestos operativos intersectoriales permiten fortalecer la presencia del Estado en el territorio, abordando de manera integral situaciones que afectan la seguridad y la salud de la comunidad, mediante un trabajo coordinado entre instituciones\u201d.<\/p>\n<p>En tanto, el alcalde de Copiap\u00f3, Maglio Cicardini, valor\u00f3 la instancia se\u00f1alando que \u201ccomo municipalidad vamos a seguir colaborando activamente con la autoridad sanitaria, las polic\u00edas y las distintas serem\u00edas, porque entendemos que la seguridad de nuestras vecinas y vecinos se construye en conjunto. Es clave fortalecer una red de trabajo colaborativo e interinstitucional que permita actuar de manera oportuna y efectiva en el territorio. Por eso, continuaremos apoyando y promoviendo estos<\/p>\n<p>operativos, ya que cuando las instituciones trabajan coordinadas, se generan cambios reales en beneficio de la comunidad\u201d.<\/p>\n<p>Desde el Servicio de Impuestos Internos (SII) informaron que se fiscaliz\u00f3 a tres contribuyentes, todos con inicio de actividades, de los cuales uno fue notificado para regularizar periodos de IVA no declarados.<\/p>\n","protected":false},"excerpt":{"rendered":"<p>Fiscalizaci\u00f3n intersectorial detect\u00f3 graves incumplimientos sanitarios. En el marco de un operativo intersectorial de fiscalizaci\u00f3n realizado en el sector Poblaci\u00f3n Ampliaci\u00f3n Prat en Copiap\u00f3, distintos&hellip; <\/p>\n","protected":false},"author":7,"featured_media":101696,"comment_status":"closed","ping_status":"closed","sticky":false,"template":"","format":"standard","meta":{"footnotes":""},"categories":[38],"tags":[],"class_list":["post-101695","post","type-post","status-publish","format-standard","has-post-thumbnail","hentry","category-portada-regional"],"_links":{"self":[{"href":"https:\/\/www.radioamigavallenar.cl\/index.php?rest_route=\/wp\/v2\/posts\/101695","targetHints":{"allow":["GET"]}}],"collection":[{"href":"https:\/\/www.radioamigavallenar.cl\/index.php?rest_route=\/wp\/v2\/posts"}],"about":[{"href":"https:\/\/www.radioamigavallenar.cl\/index.php?rest_route=\/wp\/v2\/types\/post"}],"author":[{"embeddable":true,"href":"https:\/\/www.radioamigavallenar.cl\/index.php?rest_route=\/wp\/v2\/users\/7"}],"replies":[{"embeddable":true,"href":"https:\/\/www.radioamigavallenar.cl\/index.php?rest_route=%2Fwp%2Fv2%2Fcomments&post=101695"}],"version-history":[{"count":1,"href":"https:\/\/www.radioamigavallenar.cl\/index.php?rest_route=\/wp\/v2\/posts\/101695\/revisions"}],"predecessor-version":[{"id":101697,"href":"https:\/\/www.radioamigavallenar.cl\/index.php?rest_route=\/wp\/v2\/posts\/101695\/revisions\/101697"}],"wp:featuredmedia":[{"embeddable":true,"href":"https:\/\/www.radioamigavallenar.cl\/index.php?rest_route=\/wp\/v2\/media\/101696"}],"wp:attachment":[{"href":"https:\/\/www.radioamigavallenar.cl\/index.php?rest_route=%2Fwp%2Fv2%2Fmedia&parent=101695"}],"wp:term":[{"taxonomy":"category","embeddable":true,"href":"https:\/\/www.radioamigavallenar.cl\/index.php?rest_route=%2Fwp%2Fv2%2Fcategories&post=101695"},{"taxonomy":"post_tag","embeddable":true,"href":"https:\/\/www.radioamigavallenar.cl\/index.php?rest_route=%2Fwp%2Fv2%2Ftags&post=101695"}],"curies":[{"name":"wp","href":"https:\/\/api.w.org\/{rel}","templated":true}]}}