{"id":101692,"date":"2026-04-25T00:00:59","date_gmt":"2026-04-25T04:00:59","guid":{"rendered":"https:\/\/www.radioamigavallenar.cl\/?p=101692"},"modified":"2026-04-24T23:52:53","modified_gmt":"2026-04-25T03:52:53","slug":"alzan-prohibicion-de-funcionamiento-del-liceo-de-musica-de-copiapo-tras-rapida-subsanacion-sanitaria","status":"publish","type":"post","link":"https:\/\/www.radioamigavallenar.cl\/?p=101692","title":{"rendered":"Alzan prohibici\u00f3n de funcionamiento del Liceo de M\u00fasica de Copiap\u00f3 tras r\u00e1pida subsanaci\u00f3n sanitaria"},"content":{"rendered":"<p>Acci\u00f3n coordinada entre autoridades, SLEP y comunidad educativa permiti\u00f3 resolver observaciones en el establecimiento.<\/p>\n<p>La Autoridad Sanitaria concret\u00f3 el alzamiento de la prohibici\u00f3n de funcionamiento del Liceo de M\u00fasica de Copiap\u00f3, luego de verificar en terreno la implementaci\u00f3n de las medidas destinadas a subsanar las observaciones sanitarias detectadas, permitiendo as\u00ed la reanudaci\u00f3n de sus actividades.<\/p>\n<p>Hasta el establecimiento llegaron autoridades regionales, junto a la directora del establecimiento, la directora del SLEP Atacama y representantes de apoderados, con el objetivo de evaluar en terreno las condiciones y coordinar acciones para su pronta regularizaci\u00f3n.<\/p>\n<p>Al respecto, la seremi de Salud de Atacama, Silvana Flores Molina, explic\u00f3 que \u201ccomo Autoridad Sanitaria, nuestro deber es resguardar la salud de la comunidad educativa, y en ese marco, las fiscalizaciones se realizan conforme a la normativa vigente. Sin embargo, aqu\u00ed no se trata solo de fiscalizar, sino tambi\u00e9n de acompa\u00f1ar y prevenir. Gracias al trabajo coordinado con el SLEP Atacama y la comunidad educativa, hoy se ha concretado el alzamiento de la prohibici\u00f3n de funcionamiento, tras verificarse el cumplimiento de las medidas sanitarias requeridas\u201d.<\/p>\n<p>Por su parte, la directora del SLEP Atacama, Elisa Araya, relev\u00f3 el trabajo preventivo que se est\u00e1 impulsando. \u201cEstamos fortaleciendo el trabajo conjunto con Salud y Educaci\u00f3n para acompa\u00f1ar a los establecimientos, no solo en la respuesta, sino tambi\u00e9n en la prevenci\u00f3n. Hoy pudimos constatar que se est\u00e1n tomando medidas r\u00e1pidas, pero tambi\u00e9n que debemos mirar el entorno y avanzar junto a municipios y la Seremi de Seguridad P\u00fablica para mejorar las condiciones de nuestras escuelas\u201d, explic\u00f3.<\/p>\n<p>Asimismo, la directora del establecimiento, Daniela Guzm\u00e1n, se\u00f1al\u00f3 \u201cestamos conformes con la visita, porque nos permite avanzar en una pronta normalizaci\u00f3n. Para nosotros es clave retomar nuestras actividades lo antes posible, y este acompa\u00f1amiento nos da mayor tranquilidad para lograrlo\u201d, indic\u00f3.<\/p>\n<p>En tanto, el diputado Ignacio Urcull\u00fa valor\u00f3 la coordinaci\u00f3n intersectorial y el trabajo en terreno. \u201cHoy vimos que se est\u00e1n adoptando las medidas necesarias para resolver esta<\/p>\n<p>situaci\u00f3n, lo que es fundamental para asegurar que los estudiantes no pierdan clases y dar continuidad a su proceso educativo\u201d, afirm\u00f3.<\/p>\n<p>Finalmente, la presidenta del Centro General de Padres, Jocelyn Manr\u00edquez, valor\u00f3 el trabajo conjunto. \u201cLos apoderados quedaron muy impactados con lo ocurrido, pero hoy estamos ac\u00e1 trabajando y viendo c\u00f3mo podemos aportar. Es muy importante poder tener contacto directo con las autoridades, porque nos permite entender qu\u00e9 debemos cuidar dentro del colegio, sobre todo para que los ni\u00f1os no pierdan clases, que es lo m\u00e1s importante para todos nosotros\u201d, se\u00f1al\u00f3.<\/p>\n","protected":false},"excerpt":{"rendered":"<p>Acci\u00f3n coordinada entre autoridades, SLEP y comunidad educativa permiti\u00f3 resolver observaciones en el establecimiento. La Autoridad Sanitaria concret\u00f3 el alzamiento de la prohibici\u00f3n de funcionamiento&hellip; <\/p>\n","protected":false},"author":7,"featured_media":101693,"comment_status":"closed","ping_status":"closed","sticky":false,"template":"","format":"standard","meta":{"footnotes":""},"categories":[38],"tags":[],"class_list":["post-101692","post","type-post","status-publish","format-standard","has-post-thumbnail","hentry","category-portada-regional"],"_links":{"self":[{"href":"https:\/\/www.radioamigavallenar.cl\/index.php?rest_route=\/wp\/v2\/posts\/101692","targetHints":{"allow":["GET"]}}],"collection":[{"href":"https:\/\/www.radioamigavallenar.cl\/index.php?rest_route=\/wp\/v2\/posts"}],"about":[{"href":"https:\/\/www.radioamigavallenar.cl\/index.php?rest_route=\/wp\/v2\/types\/post"}],"author":[{"embeddable":true,"href":"https:\/\/www.radioamigavallenar.cl\/index.php?rest_route=\/wp\/v2\/users\/7"}],"replies":[{"embeddable":true,"href":"https:\/\/www.radioamigavallenar.cl\/index.php?rest_route=%2Fwp%2Fv2%2Fcomments&post=101692"}],"version-history":[{"count":1,"href":"https:\/\/www.radioamigavallenar.cl\/index.php?rest_route=\/wp\/v2\/posts\/101692\/revisions"}],"predecessor-version":[{"id":101694,"href":"https:\/\/www.radioamigavallenar.cl\/index.php?rest_route=\/wp\/v2\/posts\/101692\/revisions\/101694"}],"wp:featuredmedia":[{"embeddable":true,"href":"https:\/\/www.radioamigavallenar.cl\/index.php?rest_route=\/wp\/v2\/media\/101693"}],"wp:attachment":[{"href":"https:\/\/www.radioamigavallenar.cl\/index.php?rest_route=%2Fwp%2Fv2%2Fmedia&parent=101692"}],"wp:term":[{"taxonomy":"category","embeddable":true,"href":"https:\/\/www.radioamigavallenar.cl\/index.php?rest_route=%2Fwp%2Fv2%2Fcategories&post=101692"},{"taxonomy":"post_tag","embeddable":true,"href":"https:\/\/www.radioamigavallenar.cl\/index.php?rest_route=%2Fwp%2Fv2%2Ftags&post=101692"}],"curies":[{"name":"wp","href":"https:\/\/api.w.org\/{rel}","templated":true}]}}