{"id":101689,"date":"2026-04-25T00:00:35","date_gmt":"2026-04-25T04:00:35","guid":{"rendered":"https:\/\/www.radioamigavallenar.cl\/?p=101689"},"modified":"2026-04-24T23:51:34","modified_gmt":"2026-04-25T03:51:34","slug":"acuerdo-por-pasarela-de-av-copayapu-uda-mop-y-municipio-de-copiapo-oficializan-coordinacion-y-acciones-para-garantizar-seguridad-y-operatividad","status":"publish","type":"post","link":"https:\/\/www.radioamigavallenar.cl\/?p=101689","title":{"rendered":"Acuerdo por pasarela de Av. Copayapu: UDA, MOP y Municipio de Copiap\u00f3 oficializan coordinaci\u00f3n y acciones para garantizar seguridad y operatividad"},"content":{"rendered":"<p dir=\"ltr\"><span data-olk-copy-source=\"MessageBody\">La Universidad de Atacama, la Direcci\u00f3n de Vialidad del MOP y la Ilustre Municipalidad de Copiap\u00f3 suscribieron un acuerdo de administraci\u00f3n tripartita para la pasarela ubicada en Av. Copayapu, frente al acceso sur del campus universitario, dando respuesta a una demanda sostenida del estudiantado por mejorar las condiciones de seguridad en este punto de alta circulaci\u00f3n.<\/span><\/p>\n<p dir=\"ltr\">El acuerdo establece que la Direcci\u00f3n de Vialidad asumir\u00e1 la conservaci\u00f3n y coordinaci\u00f3n t\u00e9cnica de la infraestructura; la Universidad de Atacama colaborar\u00e1 en acciones de vigilancia, gesti\u00f3n y coordinaci\u00f3n \u2014ya vigentes con la presencia de inspectores de campus en el acceso\u2014; y la Municipalidad aportar\u00e1 con seguridad ciudadana, conectividad el\u00e9ctrica y mejoramiento del entorno, en una acci\u00f3n conjunta orientada a fortalecer la seguridad y el uso adecuado de la pasarela.<\/p>\n<p dir=\"ltr\">Este convenio se enmarca en un proceso de di\u00e1logo impulsado por la Universidad de Atacama, que ha permitido articular voluntades con distintas instituciones p\u00fablicas para avanzar en soluciones concretas frente a una problem\u00e1tica marcada por hechos de vandalismo e incivilidades, y que deriv\u00f3 en una movilizaci\u00f3n estudiantil que exig\u00eda medidas efectivas y permanentes.<\/p>\n<p dir=\"ltr\">En esa l\u00ednea, la UDA dispuso de manera anticipada recursos institucionales, implementando desde \u00e9sta semana la presencia preventiva de inspectores de campus en el acceso a la pasarela, como una se\u00f1al concreta de su compromiso por mejorar las condiciones de seguridad, incluso antes de la formalizaci\u00f3n del acuerdo.<\/p>\n<p dir=\"ltr\">En t\u00e9rminos operativos, la Direcci\u00f3n de Vialidad del MOP Atacama mantendr\u00e1 la conservaci\u00f3n de la infraestructura en el \u00e1mbito de sus competencias, ejecutando las obras y reparaciones necesarias, adem\u00e1s de coordinar t\u00e9cnicamente las intervenciones requeridas para su adecuado funcionamiento.<\/p>\n<p dir=\"ltr\">En este sentido el Seremi (s) de Obras P\u00fablicas, V\u00edctor Herrera Werner coment\u00f3:<br \/>\n\u201cEste acuerdo nace a partir de una preocupaci\u00f3n real de la comunidad, que por mucho tiempo ha manifestado la necesidad de contar con mejores condiciones de seguridad en este punto. Como Ministerio de Obras P\u00fablicas, nuestro compromiso es estar en terreno, escuchar a las personas y avanzar en soluciones concretas que mejoren su calidad de vida. Este convenio va justamente en esa l\u00ednea: fortalecer la mantenci\u00f3n de esta infraestructura y entregar mayor seguridad a quienes la utilizan d\u00eda a d\u00eda.\u201d<\/p>\n<p dir=\"ltr\">Por su parte, la Universidad de Atacama continuar\u00e1 colaborando en acciones de coordinaci\u00f3n, vigilancia y apoyo a la seguridad, articulando adem\u00e1s el trabajo con la Municipalidad de Copiap\u00f3 e instituciones policiales como Carabineros y la PDI, con el objetivo de fortalecer la seguridad preventiva y el uso adecuado del espacio p\u00fablico.<\/p>\n<p dir=\"ltr\">Al respecto, el vicerrector de Asuntos Econ\u00f3micos, Jaime Feijo\u00f3 Mel\u00e9ndez, como autoridad subrogante del rector Forl\u00edn Aguilera Olivares, valor\u00f3 la concreci\u00f3n del acuerdo se\u00f1alando que este \u201cRefleja la voluntad intersectorial de dar respuesta a una demanda leg\u00edtima de nuestro estudiantado. Como la universidad del Estado en la regi\u00f3n, y a trav\u00e9s de la gesti\u00f3n de nuestro rector, hemos actuado con convicci\u00f3n, disponiendo capacidades y recursos, incluso desde esta semana contamos con inspectores de campus en el acceso a la pasarela otorgando cobertura preventiva y disuasiva en el sector de lunes a viernes de 7:00 a 20:00 hrs.<\/p>\n<p dir=\"ltr\">Destacamos tambi\u00e9n el rol de las dirigencias estudiantiles en la construcci\u00f3n de este hito, que ahora deben ser presentados a las bases estudiantiles para su legitimaci\u00f3n y esperamos que sigamos avanzando en consensos que nos permitan retomar prontamente las actividades acad\u00e9micas\u201d.<\/p>\n<p dir=\"ltr\">En materia de mantenci\u00f3n, la Ilustre Municipalidad de Copiap\u00f3 contribuir\u00e1 mediante la gesti\u00f3n de suministro y conectividad el\u00e9ctrica, junto con el despliegue de equipos de seguridad ciudadana en coordinaci\u00f3n con la Universidad, adem\u00e1s de colaborar en el mejoramiento del entorno inmediato de la pasarela.<\/p>\n<p dir=\"ltr\">Complementando lo anterior, el Alcalde de Copiap\u00f3, Maglio Cicardini Neyra, sostuvo:<br \/>\n\u201cAsumimos el compromiso de abordar de manera prioritaria el mejoramiento de la iluminaci\u00f3n de la pasarela, uno de los principales focos de preocupaci\u00f3n en los \u00faltimos d\u00edas. Desde esta misma tarde, nuestros equipos de operaciones se encuentran trabajando para avanzar en esta materia. Asimismo, recogemos la solicitud de la comunidad universitaria respecto a evaluar la eventual instalaci\u00f3n de un sem\u00e1foro en este cruce, dada su relevancia en t\u00e9rminos de seguridad vial\u201d.<\/p>\n<h2 dir=\"ltr\" style=\"text-align: center;\"><strong>Asamblea Plenaria\u00a0<\/strong><\/h2>\n<p dir=\"ltr\">Respecto a la firma de este acuerdo, Maximiliano Latorre, presidente del Centro de Estudiantes de Derecho, manifest\u00f3:\u201cEste es el m\u00ednimo piso para poder bajar esta informaci\u00f3n a nuestras bases, comunicar adecuadamente y avanzar en la construcci\u00f3n de un petitorio transparente, que convoque a toda la comunidad universitaria, no solo estudiantil. Nos interesa recoger tambi\u00e9n la opini\u00f3n de agrupaciones de funcionarios y de las personas que transitan por el sector, para levantar un catastro m\u00e1s amplio. Porque, en la pr\u00e1ctica, la pasarela afecta a muchas personas y no podemos abordarla \u00fanicamente desde la mirada estudiantil\u201d.<\/p>\n<p dir=\"ltr\">Cabe se\u00f1alar que el Consejo de Presidencias de los Centros de Estudiantes UDA inform\u00f3 que este acuerdo ser\u00e1 socializado en la Asamblea Plenaria, a realizarse en la tarde de este viernes 20 de\u00a0 abril.<\/p>\n","protected":false},"excerpt":{"rendered":"<p>La Universidad de Atacama, la Direcci\u00f3n de Vialidad del MOP y la Ilustre Municipalidad de Copiap\u00f3 suscribieron un acuerdo de administraci\u00f3n tripartita para la pasarela&hellip; <\/p>\n","protected":false},"author":7,"featured_media":101690,"comment_status":"closed","ping_status":"closed","sticky":false,"template":"","format":"standard","meta":{"footnotes":""},"categories":[38],"tags":[],"class_list":["post-101689","post","type-post","status-publish","format-standard","has-post-thumbnail","hentry","category-portada-regional"],"_links":{"self":[{"href":"https:\/\/www.radioamigavallenar.cl\/index.php?rest_route=\/wp\/v2\/posts\/101689","targetHints":{"allow":["GET"]}}],"collection":[{"href":"https:\/\/www.radioamigavallenar.cl\/index.php?rest_route=\/wp\/v2\/posts"}],"about":[{"href":"https:\/\/www.radioamigavallenar.cl\/index.php?rest_route=\/wp\/v2\/types\/post"}],"author":[{"embeddable":true,"href":"https:\/\/www.radioamigavallenar.cl\/index.php?rest_route=\/wp\/v2\/users\/7"}],"replies":[{"embeddable":true,"href":"https:\/\/www.radioamigavallenar.cl\/index.php?rest_route=%2Fwp%2Fv2%2Fcomments&post=101689"}],"version-history":[{"count":1,"href":"https:\/\/www.radioamigavallenar.cl\/index.php?rest_route=\/wp\/v2\/posts\/101689\/revisions"}],"predecessor-version":[{"id":101691,"href":"https:\/\/www.radioamigavallenar.cl\/index.php?rest_route=\/wp\/v2\/posts\/101689\/revisions\/101691"}],"wp:featuredmedia":[{"embeddable":true,"href":"https:\/\/www.radioamigavallenar.cl\/index.php?rest_route=\/wp\/v2\/media\/101690"}],"wp:attachment":[{"href":"https:\/\/www.radioamigavallenar.cl\/index.php?rest_route=%2Fwp%2Fv2%2Fmedia&parent=101689"}],"wp:term":[{"taxonomy":"category","embeddable":true,"href":"https:\/\/www.radioamigavallenar.cl\/index.php?rest_route=%2Fwp%2Fv2%2Fcategories&post=101689"},{"taxonomy":"post_tag","embeddable":true,"href":"https:\/\/www.radioamigavallenar.cl\/index.php?rest_route=%2Fwp%2Fv2%2Ftags&post=101689"}],"curies":[{"name":"wp","href":"https:\/\/api.w.org\/{rel}","templated":true}]}}