{"id":101686,"date":"2026-04-25T00:00:51","date_gmt":"2026-04-25T04:00:51","guid":{"rendered":"https:\/\/www.radioamigavallenar.cl\/?p=101686"},"modified":"2026-04-24T23:49:08","modified_gmt":"2026-04-25T03:49:08","slug":"atacama-consolida-nuevo-hito-en-almacenamiento-energetico-con-avance-de-bess-los-loros","status":"publish","type":"post","link":"https:\/\/www.radioamigavallenar.cl\/?p=101686","title":{"rendered":"Atacama consolida nuevo hito en almacenamiento energ\u00e9tico con avance de BESS Los Loros"},"content":{"rendered":"<p>Autoridades regionales constataron el cierre de la etapa de construcci\u00f3n de BESS Los Loros, sistema de almacenamiento de 46 MW y 230 MWh que fortalecer\u00e1 la estabilidad del sistema el\u00e9ctrico, optimizar\u00e1 la gesti\u00f3n de energ\u00eda solar y reforzar\u00e1 la infraestructura energ\u00e9tica de Atacama.<\/p>\n<p>La Regi\u00f3n de Atacama contin\u00faa fortaleciendo su liderazgo en materia de transici\u00f3n energ\u00e9tica y desarrollo de infraestructura estrat\u00e9gica con la visita de autoridades regionales al Parque Fotovoltaico Los Loros y a su sistema de almacenamiento de energ\u00eda en bater\u00edas BESS, proyecto que marca el cierre de su etapa de construcci\u00f3n y refuerza el rol de la regi\u00f3n como un polo clave para la seguridad energ\u00e9tica y la reconstrucci\u00f3n econ\u00f3mica nacional.<\/p>\n<p>La actividad fue encabezada por la delegada presidencial regional de Atacama, Sof\u00eda Cid Versalovic, junto al seremi de Energ\u00eda de Atacama, Manuel Nanjar\u00ed Contreras, representantes de ENGIE Chile, equipos t\u00e9cnicos y profesionales, quienes recorrieron las instalaciones del PFV Los Loros y las dos zonas donde se emplaza el sistema BESS.<\/p>\n<p>Este proyecto forma parte de la cartera de inversiones de ENGIE Chile vinculadas a la reconversi\u00f3n energ\u00e9tica y resiliencia del sistema el\u00e9ctrico nacional. BESS Los Loros contempla una potencia de 46 MW y una capacidad de almacenamiento de 230 MWh, a trav\u00e9s de 63 contenedores de bater\u00edas de ion litio que permitir\u00e1n almacenar energ\u00eda solar generada por el parque fotovoltaico para liberarla en horarios de mayor demanda, optimizando el suministro y reduciendo p\u00e9rdidas por vertimiento.<\/p>\n<p>Con su futura entrada en operaci\u00f3n, BESS Los Loros se convertir\u00e1 en el quinto proyecto de este tipo en Atacama, sum\u00e1ndose a los cuatro sistemas BESS actualmente operativos en la regi\u00f3n, que totalizan 203 MW y 677 MWh de capacidad de almacenamiento energ\u00e9tico. Esta<\/p>\n<p>nueva infraestructura refuerza el posicionamiento regional como l\u00edder nacional en energ\u00edas renovables y almacenamiento.<\/p>\n<p>Atacama cerr\u00f3 2025 con una capacidad instalada de 5.609 MWp, de los cuales un 74% corresponde a Energ\u00edas Renovables No Convencionales, principalmente solar fotovoltaica y e\u00f3lica. Adem\u00e1s, la regi\u00f3n aporta el 15% de toda la capacidad instalada del pa\u00eds y concentra el 25% de la capacidad solar fotovoltaica nacional, consolid\u00e1ndose como una de las principales plataformas energ\u00e9ticas de Chile. Durante 2025, la regi\u00f3n gener\u00f3 10.781 GWh de electricidad, de los cuales un 63% provino de fuentes renovables.<\/p>\n<p>Al respecto, la delegada presidencial regional de Atacama, Sof\u00eda Cid Versalovic, se\u00f1al\u00f3 que: \u201c\u201cDurante esta visita en terreno de las instalaciones del parque fotovoltaico Los Loros y de su proyecto BESS, constatamos este hito de cierre de la etapa de construcci\u00f3n del \u00e1rea del sistema de almacenamiento energ\u00e9tico, que permitir\u00e1 a trav\u00e9s de bater\u00edas acumular energ\u00eda y mejorar su distribuci\u00f3n, como una iniciativa relevante para la Regi\u00f3n de Atacama, fortaleciendo el desarrollo energ\u00e9tico y aportando a la inversi\u00f3n en el territorio\u201d.<\/p>\n<p>Asimismo, agreg\u00f3 que \u201ccomo Gobierno del Presidente Jos\u00e9 Antonio Kast, valoramos este tipo de proyectos que impulsan el crecimiento regional, siempre con estricto cumplimiento de la normativa vigente y de los est\u00e1ndares que exige la ley, avanzando en esta \u00e1rea, que es importante para la ciudadan\u00eda de Atacama\u201d.<\/p>\n<p>Por su parte, el seremi de Energ\u00eda, Manuel Nanjar\u00ed Contreras, sostuvo que; \u201cComo Ministerio de Energ\u00eda estamos muy contentos de participar en este hito, dado que este proyecto aporta a que podamos disponer de una infraestructura energ\u00e9tica m\u00e1s robusta y preparada. Contribuyendo a evitar p\u00e9rdidas por vertimiento, mejorando la eficiencia del sistema y entregando mayor seguridad al suministro el\u00e9ctrico para los hogares de nuestro pa\u00eds y de la industria minera.\u201d.<\/p>\n<p>A\u00f1adiendo que \u201cla vocaci\u00f3n de nuestra regi\u00f3n y el avance que estamos impulsando decididamente hacia la transici\u00f3n de la matriz energ\u00e9tica es un pilar fundamental del Proyecto de Ley de Reconstrucci\u00f3n Nacional impulsado por nuestro Presidente Jos\u00e9 Antonio Kast, que busca transformar el crecimiento econ\u00f3mico en desarrollo sostenible y seguro para las familias de nuestro pa\u00eds\u201d.<\/p>\n<p>La visita a BESS Los Loros refleja c\u00f3mo Atacama contin\u00faa avanzando en proyectos concretos que fortalecen la seguridad energ\u00e9tica, impulsan la inversi\u00f3n privada y consolidan una<\/p>\n<p>infraestructura moderna, eficiente y preparada para responder a los desaf\u00edos del crecimiento econ\u00f3mico y el desarrollo sostenible del pa\u00eds.<\/p>\n","protected":false},"excerpt":{"rendered":"<p>Autoridades regionales constataron el cierre de la etapa de construcci\u00f3n de BESS Los Loros, sistema de almacenamiento de 46 MW y 230 MWh que fortalecer\u00e1&hellip; <\/p>\n","protected":false},"author":7,"featured_media":101687,"comment_status":"closed","ping_status":"closed","sticky":false,"template":"","format":"standard","meta":{"footnotes":""},"categories":[38],"tags":[],"class_list":["post-101686","post","type-post","status-publish","format-standard","has-post-thumbnail","hentry","category-portada-regional"],"_links":{"self":[{"href":"https:\/\/www.radioamigavallenar.cl\/index.php?rest_route=\/wp\/v2\/posts\/101686","targetHints":{"allow":["GET"]}}],"collection":[{"href":"https:\/\/www.radioamigavallenar.cl\/index.php?rest_route=\/wp\/v2\/posts"}],"about":[{"href":"https:\/\/www.radioamigavallenar.cl\/index.php?rest_route=\/wp\/v2\/types\/post"}],"author":[{"embeddable":true,"href":"https:\/\/www.radioamigavallenar.cl\/index.php?rest_route=\/wp\/v2\/users\/7"}],"replies":[{"embeddable":true,"href":"https:\/\/www.radioamigavallenar.cl\/index.php?rest_route=%2Fwp%2Fv2%2Fcomments&post=101686"}],"version-history":[{"count":1,"href":"https:\/\/www.radioamigavallenar.cl\/index.php?rest_route=\/wp\/v2\/posts\/101686\/revisions"}],"predecessor-version":[{"id":101688,"href":"https:\/\/www.radioamigavallenar.cl\/index.php?rest_route=\/wp\/v2\/posts\/101686\/revisions\/101688"}],"wp:featuredmedia":[{"embeddable":true,"href":"https:\/\/www.radioamigavallenar.cl\/index.php?rest_route=\/wp\/v2\/media\/101687"}],"wp:attachment":[{"href":"https:\/\/www.radioamigavallenar.cl\/index.php?rest_route=%2Fwp%2Fv2%2Fmedia&parent=101686"}],"wp:term":[{"taxonomy":"category","embeddable":true,"href":"https:\/\/www.radioamigavallenar.cl\/index.php?rest_route=%2Fwp%2Fv2%2Fcategories&post=101686"},{"taxonomy":"post_tag","embeddable":true,"href":"https:\/\/www.radioamigavallenar.cl\/index.php?rest_route=%2Fwp%2Fv2%2Ftags&post=101686"}],"curies":[{"name":"wp","href":"https:\/\/api.w.org\/{rel}","templated":true}]}}