{"id":101683,"date":"2026-04-25T00:00:39","date_gmt":"2026-04-25T04:00:39","guid":{"rendered":"https:\/\/www.radioamigavallenar.cl\/?p=101683"},"modified":"2026-04-25T00:11:43","modified_gmt":"2026-04-25T04:11:43","slug":"atencion-atacama-cobraste-tu-aporte-familiar-permanente-si-aun-no-lo-haces-revisa-en-www-aportefamiliar-cl","status":"publish","type":"post","link":"https:\/\/www.radioamigavallenar.cl\/?p=101683","title":{"rendered":"Atenci\u00f3n Atacama: \u00bfCobraste tu Aporte Familiar Permanente? Si a\u00fan no lo haces, revisa en www.aportefamiliar.cl"},"content":{"rendered":"<p>El Instituto de Previsi\u00f3n Social (IPS) realiz\u00f3 un positivo balance del pago del Aporte Familiar Permanente 2026 (ex Bono Marzo). Hasta la fecha, m\u00e1s de 1 mill\u00f3n 704 mil familias han recibido el beneficio, cuyo monto alcanza los $66.834 por carga familiar o por familia, seg\u00fan corresponda. De ellas, m\u00e1s de 28 mil son familias Atacame\u00f1as<\/p>\n<p>Sin embargo, a\u00fan resta un porcentaje m\u00ednimo de familias que no han cobrado, por lo mismo, el IPS hace un llamado a quienes tienen asignado pago presencial, ya sea en locales de pago Los H\u00e9roes o BancoEstado, para que revisen en www.aportefamiliar.cl o llamen al Call Center 101 de ChileAtiende, y si les corresponde el beneficio puedan cobrarlo a tiempo.<\/p>\n<p>Al respecto, la Seremi del Trabajo y Previsi\u00f3n Social de Atacama, Cristina Bravo Bassi, explic\u00f3: \u201cEl Aporte Familiar Permanente es un beneficio econ\u00f3mico dirigido a las familias que cumplan con los requisitos establecidos por ley, cuyo objetivo es apoyar durante los primeros meses del a\u00f1o, periodo en que se concentran mayores gastos asociados, por ejemplo, a colegiaturas y \u00fatiles escolares\u201d<\/p>\n<p>\u201cLa invitaci\u00f3n es a que todas las personas puedan revisar si son beneficiarias de manera f\u00e1cil y r\u00e1pida. Solo deben ingresar a los sitios www.aportefamiliar.cl o www.chileatiende.cl, digitar su RUN y fecha de nacimiento. El sistema les informar\u00e1 de inmediato si acceden a este beneficio, indicando el monto, la fecha de pago y el lugar donde pueden cobrarlo\u201d, inform\u00f3 la autoridad regional.<\/p>\n<p>El Plazo para cobrar el ex Bono Marzo es de nueve meses, a partir de la fecha en que se emite el documento de pago. Por ejemplo, si en www.aportefamiliar.cl se te indica que tu pago estuvo disponible desde el 16 de marzo de 2026 en adelante, tendr\u00e1s plazo hasta el 16 de diciembre de ese mismo a\u00f1o para hacer efectivo el cobro.<\/p>\n<p>\u00abDesde el IPS informamos a la ciudadan\u00eda que si tiene dudas sobre el Aporte Familiar Permanente no cobrado lo debe realizar exclusivamente por los canales oficiales. Asimismo, instamos a no compartir datos personales mediante llamadas o redes sociales para prevenir posibles estafas\u00bb, manifest\u00f3 la Directora regional del IPS Atacama, Dissa Castellani Mart\u00ednez.<\/p>\n<p>No es necesario postular ni inscribirse para recibir este beneficio, dado que se asigna autom\u00e1ticamente a quienes cumplen con los requisitos.<\/p>\n<p>Para obtener m\u00e1s informaci\u00f3n sobre este beneficio, las personas pueden visitar los sitios web www.aportefamiliar.cl y www.chileatiende.cl, donde encontrar\u00e1n detalles, requisitos y fechas de pago. Asimismo, est\u00e1 disponible el Call Center 101 para resolver dudas y consultas.<\/p>\n<p>Tambi\u00e9n pueden acercarse de manera presencial a cualquiera de las oficinas de ChileAtiende disponibles en las tres provincias de la regi\u00f3n de Atacama, donde recibir\u00e1n orientaci\u00f3n y apoyo en el proceso.<\/p>\n","protected":false},"excerpt":{"rendered":"<p>El Instituto de Previsi\u00f3n Social (IPS) realiz\u00f3 un positivo balance del pago del Aporte Familiar Permanente 2026 (ex Bono Marzo). Hasta la fecha, m\u00e1s de&hellip; <\/p>\n","protected":false},"author":7,"featured_media":101684,"comment_status":"closed","ping_status":"closed","sticky":false,"template":"","format":"standard","meta":{"footnotes":""},"categories":[7],"tags":[],"class_list":["post-101683","post","type-post","status-publish","format-standard","has-post-thumbnail","hentry","category-atacama"],"_links":{"self":[{"href":"https:\/\/www.radioamigavallenar.cl\/index.php?rest_route=\/wp\/v2\/posts\/101683","targetHints":{"allow":["GET"]}}],"collection":[{"href":"https:\/\/www.radioamigavallenar.cl\/index.php?rest_route=\/wp\/v2\/posts"}],"about":[{"href":"https:\/\/www.radioamigavallenar.cl\/index.php?rest_route=\/wp\/v2\/types\/post"}],"author":[{"embeddable":true,"href":"https:\/\/www.radioamigavallenar.cl\/index.php?rest_route=\/wp\/v2\/users\/7"}],"replies":[{"embeddable":true,"href":"https:\/\/www.radioamigavallenar.cl\/index.php?rest_route=%2Fwp%2Fv2%2Fcomments&post=101683"}],"version-history":[{"count":1,"href":"https:\/\/www.radioamigavallenar.cl\/index.php?rest_route=\/wp\/v2\/posts\/101683\/revisions"}],"predecessor-version":[{"id":101685,"href":"https:\/\/www.radioamigavallenar.cl\/index.php?rest_route=\/wp\/v2\/posts\/101683\/revisions\/101685"}],"wp:featuredmedia":[{"embeddable":true,"href":"https:\/\/www.radioamigavallenar.cl\/index.php?rest_route=\/wp\/v2\/media\/101684"}],"wp:attachment":[{"href":"https:\/\/www.radioamigavallenar.cl\/index.php?rest_route=%2Fwp%2Fv2%2Fmedia&parent=101683"}],"wp:term":[{"taxonomy":"category","embeddable":true,"href":"https:\/\/www.radioamigavallenar.cl\/index.php?rest_route=%2Fwp%2Fv2%2Fcategories&post=101683"},{"taxonomy":"post_tag","embeddable":true,"href":"https:\/\/www.radioamigavallenar.cl\/index.php?rest_route=%2Fwp%2Fv2%2Ftags&post=101683"}],"curies":[{"name":"wp","href":"https:\/\/api.w.org\/{rel}","templated":true}]}}