{"id":101680,"date":"2026-04-25T00:00:46","date_gmt":"2026-04-25T04:00:46","guid":{"rendered":"https:\/\/www.radioamigavallenar.cl\/?p=101680"},"modified":"2026-04-24T23:46:23","modified_gmt":"2026-04-25T03:46:23","slug":"segegob-atacama-destaca-trabajo-de-sernac-en-certificacion-de-estudiantes-en-consumo-sostenible","status":"publish","type":"post","link":"https:\/\/www.radioamigavallenar.cl\/?p=101680","title":{"rendered":"SEGEGOB Atacama destaca trabajo de SERNAC en certificaci\u00f3n de estudiantes en consumo sostenible"},"content":{"rendered":"<p>Autoridades relevaron labor educativa de SERNAC en establecimientos educacionales secundarios en ciclo sobre alfabetizaci\u00f3n financiera.<\/p>\n<p>En dependencias del Liceo H\u00e9roes de Atacama de Copiap\u00f3 se desarroll\u00f3 la ceremonia de entrega de diplomas a estudiantes de tercero medio de la especialidad de Administraci\u00f3n, quienes participaron del ciclo de consumo sostenible impulsado por el Servicio Nacional del Consumidor (SERNAC).<\/p>\n<p>La actividad cont\u00f3 con la participaci\u00f3n del SEREMI de Gobierno, Jorge D\u00edaz Jopia, del Director Regional de SERNAC, Kurt Iturrieta, el Rector del establecimiento, Lezme Contreras, junto a representantes de la comunidad educativa y estudiantes participantes de la instancia orientada a fortalecer conocimientos sobre derechos de los consumidores, educaci\u00f3n financiera y uso responsable de herramientas econ\u00f3micas.<\/p>\n<p>En ese sentido, D\u00edaz Jopia destac\u00f3 la iniciativa, se\u00f1alando que \u201cvaloramos el acercamiento y labor educativa de SERNAC hacia los j\u00f3venes, quienes a medida que crecen se relacionan con el mercado y requieren de nuevas herramientas para conocer sus derechos y deberes\u201d.<\/p>\n<p>Asimismo, agreg\u00f3 que \u201ces fundamental seguir acercando informaci\u00f3n que concientice a las comunidades, para que conozcan sus garant\u00edas, accedan a educaci\u00f3n financiera y puedan llevar sus finanzas personales de manera sostenible\u201d.<\/p>\n<p>La autoridad a\u00f1adi\u00f3 que \u201cnuestro compromiso desde la SEREMI de Gobierno es potenciar estos espacios y generar un trabajo conjunto, tanto con SERNAC como otros servicios, para llevar informaci\u00f3n de utilidad a todos los rincones de la Regi\u00f3n de Atacama\u201d.<\/p>\n<p>Finalmente, el Director Regional de SERNAC, Kurt Iturrieta, destac\u00f3 el desarrollo de esta iniciativa educativa, se\u00f1alando que marca el inicio del Programa Regional de Educaci\u00f3n que el servicio ejecutar\u00e1 durante el a\u00f1o en diversos establecimientos educacionales de la zona, acercando herramientas pr\u00e1cticas sobre consumo responsable y educaci\u00f3n financiera a estudiantes de la regi\u00f3n.<\/p>\n","protected":false},"excerpt":{"rendered":"<p>Autoridades relevaron labor educativa de SERNAC en establecimientos educacionales secundarios en ciclo sobre alfabetizaci\u00f3n financiera. En dependencias del Liceo H\u00e9roes de Atacama de Copiap\u00f3 se&hellip; <\/p>\n","protected":false},"author":7,"featured_media":101681,"comment_status":"closed","ping_status":"closed","sticky":false,"template":"","format":"standard","meta":{"footnotes":""},"categories":[7],"tags":[],"class_list":["post-101680","post","type-post","status-publish","format-standard","has-post-thumbnail","hentry","category-atacama"],"_links":{"self":[{"href":"https:\/\/www.radioamigavallenar.cl\/index.php?rest_route=\/wp\/v2\/posts\/101680","targetHints":{"allow":["GET"]}}],"collection":[{"href":"https:\/\/www.radioamigavallenar.cl\/index.php?rest_route=\/wp\/v2\/posts"}],"about":[{"href":"https:\/\/www.radioamigavallenar.cl\/index.php?rest_route=\/wp\/v2\/types\/post"}],"author":[{"embeddable":true,"href":"https:\/\/www.radioamigavallenar.cl\/index.php?rest_route=\/wp\/v2\/users\/7"}],"replies":[{"embeddable":true,"href":"https:\/\/www.radioamigavallenar.cl\/index.php?rest_route=%2Fwp%2Fv2%2Fcomments&post=101680"}],"version-history":[{"count":1,"href":"https:\/\/www.radioamigavallenar.cl\/index.php?rest_route=\/wp\/v2\/posts\/101680\/revisions"}],"predecessor-version":[{"id":101682,"href":"https:\/\/www.radioamigavallenar.cl\/index.php?rest_route=\/wp\/v2\/posts\/101680\/revisions\/101682"}],"wp:featuredmedia":[{"embeddable":true,"href":"https:\/\/www.radioamigavallenar.cl\/index.php?rest_route=\/wp\/v2\/media\/101681"}],"wp:attachment":[{"href":"https:\/\/www.radioamigavallenar.cl\/index.php?rest_route=%2Fwp%2Fv2%2Fmedia&parent=101680"}],"wp:term":[{"taxonomy":"category","embeddable":true,"href":"https:\/\/www.radioamigavallenar.cl\/index.php?rest_route=%2Fwp%2Fv2%2Fcategories&post=101680"},{"taxonomy":"post_tag","embeddable":true,"href":"https:\/\/www.radioamigavallenar.cl\/index.php?rest_route=%2Fwp%2Fv2%2Ftags&post=101680"}],"curies":[{"name":"wp","href":"https:\/\/api.w.org\/{rel}","templated":true}]}}