{"id":10168,"date":"2018-06-01T14:49:24","date_gmt":"2018-06-01T17:49:24","guid":{"rendered":"http:\/\/www.radioamigavallenar.cl\/?p=10168"},"modified":"2018-06-01T14:49:24","modified_gmt":"2018-06-01T17:49:24","slug":"hph-entrega-recomendaciones-para-tratar-el-glaucuoma","status":"publish","type":"post","link":"https:\/\/www.radioamigavallenar.cl\/?p=10168","title":{"rendered":"HPH entrega recomendaciones para tratar el glaucuoma"},"content":{"rendered":"<p style=\"text-align: justify;\"><a href=\"http:\/\/www.radioamigavallenar.cl\/wp-content\/uploads\/2018\/06\/Glaucoma.jpg\"><img loading=\"lazy\" decoding=\"async\" class=\" size-medium wp-image-10169 aligncenter\" src=\"http:\/\/www.radioamigavallenar.cl\/wp-content\/uploads\/2018\/06\/Glaucoma-300x200.jpg\" alt=\"Glaucoma\" width=\"300\" height=\"200\" srcset=\"https:\/\/www.radioamigavallenar.cl\/wp-content\/uploads\/2018\/06\/Glaucoma-300x200.jpg 300w, https:\/\/www.radioamigavallenar.cl\/wp-content\/uploads\/2018\/06\/Glaucoma.jpg 700w\" sizes=\"auto, (max-width: 300px) 100vw, 300px\" \/><\/a><\/p>\n<p style=\"text-align: justify;\">Entre el 28 de mayo y el 03 de junio se celebra a nivel mundial, la semana del Glaucoma. Desde el Hospital Provincial del Huasco, la especialista oftalm\u00f3loga, Ingrid Rudiger, entreg\u00f3 algunas recomendaciones y detall\u00f3 las implicancias de esta enfermedad que ataca la visi\u00f3n de las personas.<\/p>\n<p style=\"text-align: justify;\">El glaucoma es una enfermedad del ojo que le roba la visi\u00f3n de manera gradual. Por lo general no presenta s\u00edntomas y puede resultar en la p\u00e9rdida de la visi\u00f3n de manera repentina. \u201cEs una enfermedad que afecta al nervio \u00f3ptico, que si se da\u00f1a el nervio es irreversible. Es una enfermedad que provoca ceguera a largo plazo. Y Por eso es importante diagnosticarla a tiempo, y es all\u00ed el problema, porque es una enfermedad silenciosa que no presenta s\u00edntomas\u201d, se\u00f1al\u00f3.<\/p>\n<p style=\"text-align: justify;\">Sin el tratamiento apropiado, el glaucoma puede llevar a la ceguera. La buena noticia es que con ex\u00e1menes oftalmol\u00f3gicos peri\u00f3dicos, la detecci\u00f3n temprana y el tratamiento puede preservarse la vista. \u201cLa gente no se eval\u00faa, no consulta. L apersona no sienta nada, ni antes ni despu\u00e9s de tratarse y es dif\u00edcil que la gente cumpla sus tratamientos, que vengan a control\u201d.<\/p>\n<p style=\"text-align: justify;\">\u201cEl glaucoma no se puede prevenir, no puedo hacer algo para no tener glaucoma. Si tengo factores de riesgo, por ejemplo padres o hermanos, tengo mucho m\u00e1s riesgo de tener glaucoma de una persona que no lo tiene. El riesgo crece en personas mayores de 40 a\u00f1os\u201d, dijo la especialista.<\/p>\n<p style=\"text-align: justify;\">\u201cEsto s\u00f3lo se detecta con la visita al oftalm\u00f3logo. Para detectarlo el primer paso es tomar la presi\u00f3n del ojo, y all\u00ed se inicia un tratamiento\u201d, coment\u00f3 Rudiger. El primer tratamiento es con gotas, colirio, para bajar la presi\u00f3n del ojo. \u201cEl \u00fanico factor en que se puede hacer algo, es en la baja de la presi\u00f3n del ojo\u201d, dijo.<\/p>\n","protected":false},"excerpt":{"rendered":"<p>Entre el 28 de mayo y el 03 de junio se celebra a nivel mundial, la semana del Glaucoma. Desde el Hospital Provincial del Huasco,&hellip; <\/p>\n","protected":false},"author":2,"featured_media":10169,"comment_status":"open","ping_status":"closed","sticky":false,"template":"","format":"standard","meta":{"footnotes":""},"categories":[2],"tags":[],"class_list":["post-10168","post","type-post","status-publish","format-standard","has-post-thumbnail","hentry","category-vallenar"],"_links":{"self":[{"href":"https:\/\/www.radioamigavallenar.cl\/index.php?rest_route=\/wp\/v2\/posts\/10168","targetHints":{"allow":["GET"]}}],"collection":[{"href":"https:\/\/www.radioamigavallenar.cl\/index.php?rest_route=\/wp\/v2\/posts"}],"about":[{"href":"https:\/\/www.radioamigavallenar.cl\/index.php?rest_route=\/wp\/v2\/types\/post"}],"author":[{"embeddable":true,"href":"https:\/\/www.radioamigavallenar.cl\/index.php?rest_route=\/wp\/v2\/users\/2"}],"replies":[{"embeddable":true,"href":"https:\/\/www.radioamigavallenar.cl\/index.php?rest_route=%2Fwp%2Fv2%2Fcomments&post=10168"}],"version-history":[{"count":0,"href":"https:\/\/www.radioamigavallenar.cl\/index.php?rest_route=\/wp\/v2\/posts\/10168\/revisions"}],"wp:featuredmedia":[{"embeddable":true,"href":"https:\/\/www.radioamigavallenar.cl\/index.php?rest_route=\/wp\/v2\/media\/10169"}],"wp:attachment":[{"href":"https:\/\/www.radioamigavallenar.cl\/index.php?rest_route=%2Fwp%2Fv2%2Fmedia&parent=10168"}],"wp:term":[{"taxonomy":"category","embeddable":true,"href":"https:\/\/www.radioamigavallenar.cl\/index.php?rest_route=%2Fwp%2Fv2%2Fcategories&post=10168"},{"taxonomy":"post_tag","embeddable":true,"href":"https:\/\/www.radioamigavallenar.cl\/index.php?rest_route=%2Fwp%2Fv2%2Ftags&post=10168"}],"curies":[{"name":"wp","href":"https:\/\/api.w.org\/{rel}","templated":true}]}}