{"id":101675,"date":"2026-04-25T00:00:00","date_gmt":"2026-04-25T04:00:00","guid":{"rendered":"https:\/\/www.radioamigavallenar.cl\/?p=101675"},"modified":"2026-04-24T23:59:00","modified_gmt":"2026-04-25T03:59:00","slug":"comenzo-en-atacama-la-emocion-de-los-juegos-deportivos-escolares","status":"publish","type":"post","link":"https:\/\/www.radioamigavallenar.cl\/?p=101675","title":{"rendered":"Comenz\u00f3 en Atacama la emoci\u00f3n de los Juegos Deportivos Escolares"},"content":{"rendered":"<p><strong>\u00a0Deportistas sub 14 y juvenil, participar\u00e1n en las disciplinas de ajedrez, atletismo, atletismo adaptado, balonmano, b\u00e1squetbol, ciclismo, futsal, judo, nataci\u00f3n, taekwondo, tenis de mesa y v\u00f3leibol.<\/strong><\/p>\n<p>Con los partidos de b\u00e1squetbol, futsal, y v\u00f3leibol disputados en las comunas de Copiap\u00f3 y Cha\u00f1aral,\u00a0 el Ministerio del Deporte, a trav\u00e9s del IND, esta semana dio el vamos a los Juegos Deportivos Escolares 2026, competici\u00f3n que este a\u00f1o reunir\u00e1 a cerca de 8 mil estudiantes de Atacama de las categor\u00edas sub 14 y juvenil.<\/p>\n<p>La Secretaria Regional Ministerial del Deporte, Isis Mart\u00ednez, se refiri\u00f3 a la importancia de esta competici\u00f3n que tiene etapas comunales, provinciales, regionales, nacionales y sudamericanas:<\/p>\n<p>\u201cComo Gobierno del presidente Jos\u00e9 Antonio Kast, queremos que esta fiesta deportiva llegue a la mayor cantidad de ni\u00f1os, ni\u00f1as y adolescentes, donde los valores del trabajo en equipo, respeto al rival y al compa\u00f1ero, como tambi\u00e9n el juego limpio, son los que deben primar Los Juegos Deportivos Escolares son el semillero de deportistas, quienes nos representar\u00e1n en las diferentes competiciones nacionales e internacionales\u201d.<\/p>\n<p>Agreg\u00f3 la Seremi del Deporte, Isis Mart\u00ednez: \u201cA nivel nacional esta competencia re\u00fane a m\u00e1s de 200 mil estudiantes de establecimientos p\u00fablicos y privados, siendo convocada por el Ministerio del Deporte y el Ministerio de Educaci\u00f3n, y ejecutado por el Instituto Nacional de Deportes (IND), con una inversi\u00f3n que supera los 7 mil millones de pesos. Para este a\u00f1o, las Finales Nacionales contar\u00e1n con sedes regionales estrat\u00e9gicas: la categor\u00eda sub 14 se disputar\u00e1 en Valpara\u00edso, del 22 de septiembre al 4 de octubre, mientras que la sub 17 tendr\u00e1 su epicentro en la regi\u00f3n del Biob\u00edo con el v\u00f3leibol y b\u00e1squetbol, del 9 al 15 de octubre.<\/p>\n","protected":false},"excerpt":{"rendered":"<p>\u00a0Deportistas sub 14 y juvenil, participar\u00e1n en las disciplinas de ajedrez, atletismo, atletismo adaptado, balonmano, b\u00e1squetbol, ciclismo, futsal, judo, nataci\u00f3n, taekwondo, tenis de mesa y&hellip; <\/p>\n","protected":false},"author":7,"featured_media":101678,"comment_status":"closed","ping_status":"closed","sticky":false,"template":"","format":"standard","meta":{"footnotes":""},"categories":[7],"tags":[],"class_list":["post-101675","post","type-post","status-publish","format-standard","has-post-thumbnail","hentry","category-atacama"],"_links":{"self":[{"href":"https:\/\/www.radioamigavallenar.cl\/index.php?rest_route=\/wp\/v2\/posts\/101675","targetHints":{"allow":["GET"]}}],"collection":[{"href":"https:\/\/www.radioamigavallenar.cl\/index.php?rest_route=\/wp\/v2\/posts"}],"about":[{"href":"https:\/\/www.radioamigavallenar.cl\/index.php?rest_route=\/wp\/v2\/types\/post"}],"author":[{"embeddable":true,"href":"https:\/\/www.radioamigavallenar.cl\/index.php?rest_route=\/wp\/v2\/users\/7"}],"replies":[{"embeddable":true,"href":"https:\/\/www.radioamigavallenar.cl\/index.php?rest_route=%2Fwp%2Fv2%2Fcomments&post=101675"}],"version-history":[{"count":3,"href":"https:\/\/www.radioamigavallenar.cl\/index.php?rest_route=\/wp\/v2\/posts\/101675\/revisions"}],"predecessor-version":[{"id":101679,"href":"https:\/\/www.radioamigavallenar.cl\/index.php?rest_route=\/wp\/v2\/posts\/101675\/revisions\/101679"}],"wp:featuredmedia":[{"embeddable":true,"href":"https:\/\/www.radioamigavallenar.cl\/index.php?rest_route=\/wp\/v2\/media\/101678"}],"wp:attachment":[{"href":"https:\/\/www.radioamigavallenar.cl\/index.php?rest_route=%2Fwp%2Fv2%2Fmedia&parent=101675"}],"wp:term":[{"taxonomy":"category","embeddable":true,"href":"https:\/\/www.radioamigavallenar.cl\/index.php?rest_route=%2Fwp%2Fv2%2Fcategories&post=101675"},{"taxonomy":"post_tag","embeddable":true,"href":"https:\/\/www.radioamigavallenar.cl\/index.php?rest_route=%2Fwp%2Fv2%2Ftags&post=101675"}],"curies":[{"name":"wp","href":"https:\/\/api.w.org\/{rel}","templated":true}]}}