{"id":10165,"date":"2018-06-01T14:46:35","date_gmt":"2018-06-01T17:46:35","guid":{"rendered":"http:\/\/www.radioamigavallenar.cl\/?p=10165"},"modified":"2018-06-01T14:46:35","modified_gmt":"2018-06-01T17:46:35","slug":"docentes-y-profesionales-de-la-educacion-publica-reciben-becas-para-diplomado-en-liderazgo-tecnico-profesional","status":"publish","type":"post","link":"https:\/\/www.radioamigavallenar.cl\/?p=10165","title":{"rendered":"Docentes y profesionales de la educaci\u00f3n p\u00fablica reciben becas para Diplomado en Liderazgo T\u00e9cnico Profesional"},"content":{"rendered":"<p style=\"text-align: justify;\"><a href=\"http:\/\/www.radioamigavallenar.cl\/wp-content\/uploads\/2018\/06\/Diplomado-Liderazgo.jpg\"><img loading=\"lazy\" decoding=\"async\" class=\" size-medium wp-image-10166 aligncenter\" src=\"http:\/\/www.radioamigavallenar.cl\/wp-content\/uploads\/2018\/06\/Diplomado-Liderazgo-300x200.jpg\" alt=\"Diplomado Liderazgo\" width=\"300\" height=\"200\" srcset=\"https:\/\/www.radioamigavallenar.cl\/wp-content\/uploads\/2018\/06\/Diplomado-Liderazgo-300x200.jpg 300w, https:\/\/www.radioamigavallenar.cl\/wp-content\/uploads\/2018\/06\/Diplomado-Liderazgo.jpg 700w\" sizes=\"auto, (max-width: 300px) 100vw, 300px\" \/><\/a><\/p>\n<p style=\"text-align: justify;\">Un importante Diplomado en Liderazgo con menci\u00f3n en Educaci\u00f3n T\u00e9cnico Profesional se est\u00e1 llevando a cabo en la provincia de Huasco, gracias a la alianza p\u00fablico-privada que realiz\u00f3 el Servicio Local de Educaci\u00f3n P\u00fablica \u2013SLEP- de Huasco junto al Proyecto NuevaUni\u00f3n y la Fundaci\u00f3n Chile. El objetivo principal de esta alianza es poder entregar nuevas herramientas orientadas a la educaci\u00f3n t\u00e9cnico profesional de la provincia para que los docentes y profesionales acompa\u00f1en la educaci\u00f3n de cientos de j\u00f3venes que buscan mejores alternativas para su futuro.<\/p>\n<p style=\"text-align: justify;\">\u201cEstamos en el inicio de una tremenda iniciativa que viene a coordinar esfuerzos entre el mundo privado y el sector p\u00fablico comprendido entre el Ministerio de Educaci\u00f3n y el Servicio Local de Educaci\u00f3n P\u00fablica de Huasco, de tal manera de gestar un diplomado para docentes que trabajan en educaci\u00f3n t\u00e9cnico profesional de todo el territorio. Creo que estamos haciendo de esta manera efectiva una de nuestras premisas b\u00e1sicas que es entregarle prioridad a la educaci\u00f3n t\u00e9cnico profesional que es quien mejor se relaciona con el entorno productivo, de tal manera que las especialidades y fundamentalmente el nivel de ocupaciones que podamos tener en la medida que vayamos trabajando sea el mayor, el mejor y que tengamos buenos alumnos egresados de nuestros liceos que vayan a trabajar directamente en las empresas locales\u201d, coment\u00f3 el director ejecutivo del SLEP de Huasco, Mauricio Hidalgo Robledo, quien acompa\u00f1\u00f3 a los docentes estudiantes en el inicio de este diplomado.<\/p>\n<p style=\"text-align: justify;\">El SLEP de Huasco busca potenciar la educaci\u00f3n t\u00e9cnico profesional y el diplomado actualizar\u00e1 los \u00a0conocimientos y fortalecer\u00e1 las competencias en los profesores TP del territorio que comprende las comunas de Alto del Carmen, Vallenar, Freirina y Huasco, donde actualmente existen 5 Liceos TP.<\/p>\n<p style=\"text-align: justify;\">Cintia Espinoza profesora TP y orientadora del Liceo Polit\u00e9cnico de Vallenar, una de las becadas en el diplomado, mencion\u00f3 que \u201cestamos muy contentos, nosotros como profesores t\u00e9cnicos profesionales, de esta tremenda oportunidad que se nos ofrece en esta alianza estrat\u00e9gica que hace el Servicio Local de Educaci\u00f3n para poder fortalecer nuestras capacidades y competencias, a trav\u00e9s de este Diplomado en Liderazgo TP, un \u00e1rea que creemos muy importante potenciar en nuestra provincia. Por supuesto tenemos una alta expectativa, estamos muy comprometidos como profesores del territorio de Huasco para poder hacer nuestro aporte en la ense\u00f1anza t\u00e9cnico profesional de tantos j\u00f3venes que hoy d\u00eda tienen el sue\u00f1o puesto en poder mejorar sus vidas, sus metas\u201d.<\/p>\n<p style=\"text-align: justify;\">El diplomado tiene una duraci\u00f3n de 5 meses y contempla clases presenciales en la provincia de Huasco con especialistas en liderazgo escolar y educaci\u00f3n t\u00e9cnico profesional, adem\u00e1s de aprendizaje virtual. Patricio Traslavi\u00f1a, director del programa en Formaci\u00f3n T\u00e9cnica en Fundaci\u00f3n Chile, dijo que \u201cesta es una iniciativa que se ha estado dando en el contexto de la Red de Liceos T\u00e9cnicos Profesionales de la provincia, y que hoy por una situaci\u00f3n interesante e hist\u00f3rica a nivel de pa\u00eds se va convertir en uno de los primeros territorios de la Nueva Educaci\u00f3n P\u00fablica. Creemos que la educaci\u00f3n t\u00e9cnica necesita personas m\u00e1s preparadas, necesita muchas m\u00e1s personas conociendo las variables que permiten su mejoramiento y creemos que invertir es muy relevante para mejorar estas condiciones, mejoras estos liderazgos y brindar una educaci\u00f3n de mejor calidad a los estudiantes de la provincia\u201d.<\/p>\n<p style=\"text-align: justify;\"><strong>Carta de compromiso<\/strong><\/p>\n<p style=\"text-align: justify;\">En la oportunidad, el SLEP de Huasco y Proyecto NuevaUni\u00f3n, firmaron una carta de compromiso, la cual destaca una cooperaci\u00f3n y colaboraci\u00f3n mutua en diferentes acciones tendientes alcanzar el mejoramiento educativo, con especial atenci\u00f3n en la formaci\u00f3n t\u00e9cnica en sus niveles medio y educaci\u00f3n de adultos de la provincia de Huasco.<\/p>\n<p style=\"text-align: justify;\">\u201cPara NuevaUni\u00f3n es motivo de tremenda satisfacci\u00f3n el formar parte de esta iniciativa junto al Servicio Local de Educaci\u00f3n, junto a la Direcci\u00f3n Provincial de Educaci\u00f3n, pero adem\u00e1s, en forma particular, junto a 30 profesores de los cinco Liceos T\u00e9cnicos Profesional de la provincia de Huasco, quienes se han comprometido a formar parte de este diplomado que les va entregar mejores herramientas para el liderazgo en sus respectivos establecimientos, a trav\u00e9s de ese liderazgo nosotros queremos potenciar es la educaci\u00f3n de los j\u00f3venes\u201d, asever\u00f3 Sergio Molina, gerente de comunidades del Proyecto NuevaUni\u00f3n.<\/p>\n<p style=\"text-align: justify;\">Seminarios u otras instancias similares de difusi\u00f3n, que tiendan a valorar la educaci\u00f3n t\u00e9cnica como una alternativa vocacional y relevante para los j\u00f3venes de la provincia; revisi\u00f3n de la pertinencia de las especialidades t\u00e9cnicas existentes y su actualizaci\u00f3n de acuerdo a los escenarios productivos y fomentar instancias formativas para docentes y directivos del \u00e1rea t\u00e9cnico profesional, con \u00e9nfasis en competencias t\u00e9cnicas y liderazgos, son parte de las iniciativas que se desarrollar\u00e1n en esta alianza p\u00fablico-privada en la provincia de Huasco.<\/p>\n","protected":false},"excerpt":{"rendered":"<p>Un importante Diplomado en Liderazgo con menci\u00f3n en Educaci\u00f3n T\u00e9cnico Profesional se est\u00e1 llevando a cabo en la provincia de Huasco, gracias a la alianza&hellip; <\/p>\n","protected":false},"author":2,"featured_media":10166,"comment_status":"open","ping_status":"closed","sticky":false,"template":"","format":"standard","meta":{"footnotes":""},"categories":[2],"tags":[],"class_list":["post-10165","post","type-post","status-publish","format-standard","has-post-thumbnail","hentry","category-vallenar"],"_links":{"self":[{"href":"https:\/\/www.radioamigavallenar.cl\/index.php?rest_route=\/wp\/v2\/posts\/10165","targetHints":{"allow":["GET"]}}],"collection":[{"href":"https:\/\/www.radioamigavallenar.cl\/index.php?rest_route=\/wp\/v2\/posts"}],"about":[{"href":"https:\/\/www.radioamigavallenar.cl\/index.php?rest_route=\/wp\/v2\/types\/post"}],"author":[{"embeddable":true,"href":"https:\/\/www.radioamigavallenar.cl\/index.php?rest_route=\/wp\/v2\/users\/2"}],"replies":[{"embeddable":true,"href":"https:\/\/www.radioamigavallenar.cl\/index.php?rest_route=%2Fwp%2Fv2%2Fcomments&post=10165"}],"version-history":[{"count":0,"href":"https:\/\/www.radioamigavallenar.cl\/index.php?rest_route=\/wp\/v2\/posts\/10165\/revisions"}],"wp:featuredmedia":[{"embeddable":true,"href":"https:\/\/www.radioamigavallenar.cl\/index.php?rest_route=\/wp\/v2\/media\/10166"}],"wp:attachment":[{"href":"https:\/\/www.radioamigavallenar.cl\/index.php?rest_route=%2Fwp%2Fv2%2Fmedia&parent=10165"}],"wp:term":[{"taxonomy":"category","embeddable":true,"href":"https:\/\/www.radioamigavallenar.cl\/index.php?rest_route=%2Fwp%2Fv2%2Fcategories&post=10165"},{"taxonomy":"post_tag","embeddable":true,"href":"https:\/\/www.radioamigavallenar.cl\/index.php?rest_route=%2Fwp%2Fv2%2Ftags&post=10165"}],"curies":[{"name":"wp","href":"https:\/\/api.w.org\/{rel}","templated":true}]}}