{"id":10162,"date":"2018-06-01T09:50:11","date_gmt":"2018-06-01T12:50:11","guid":{"rendered":"http:\/\/www.radioamigavallenar.cl\/?p=10162"},"modified":"2018-06-01T14:38:06","modified_gmt":"2018-06-01T17:38:06","slug":"seremi-responde-a-criticas-hechas-por-alcalde-de-freirina","status":"publish","type":"post","link":"https:\/\/www.radioamigavallenar.cl\/?p=10162","title":{"rendered":"Seremi responde a cr\u00edticas hechas por alcalde de Freirina"},"content":{"rendered":"<p style=\"text-align: justify;\"><a href=\"http:\/\/www.radioamigavallenar.cl\/wp-content\/uploads\/2018\/06\/seremi-SOFIA-AVALOS.jpg\"><img loading=\"lazy\" decoding=\"async\" class=\" size-medium wp-image-10163 aligncenter\" src=\"http:\/\/www.radioamigavallenar.cl\/wp-content\/uploads\/2018\/06\/seremi-SOFIA-AVALOS-300x225.jpg\" alt=\"seremi SOFIA AVALOS\" width=\"300\" height=\"225\" srcset=\"https:\/\/www.radioamigavallenar.cl\/wp-content\/uploads\/2018\/06\/seremi-SOFIA-AVALOS-300x225.jpg 300w, https:\/\/www.radioamigavallenar.cl\/wp-content\/uploads\/2018\/06\/seremi-SOFIA-AVALOS.jpg 700w\" sizes=\"auto, (max-width: 300px) 100vw, 300px\" \/><\/a><\/p>\n<p style=\"text-align: justify;\">Con respecto a las acusaciones hechas por el edil de la comuna de Freirina C\u00e9sar Orellana,quien se\u00f1al\u00f3 que los seremis no se han hecho presente en su comuna, la Seremi de Gobierno, Sof\u00eda \u00c1valos, se mostr\u00f3 sorprendida pues a su juicio, las declaraciones se alejan de la realidad. \u201cDesde el d\u00eda 1 que entramos al Gobierno del Presidente Sebasti\u00e1n Pi\u00f1era, hemos ido Provincia por Provincia, Comuna por Comuna y siempre hemos querido privilegiar la buena relaci\u00f3n con la ciudadan\u00eda y en particular con los habitantes de todos los rincones de nuestra Regi\u00f3n de Atacama\u201d.<\/p>\n<p style=\"text-align: justify;\">El programa de Gobierno del Presidente Pi\u00f1era, contempla hacer part\u00edcipe a la comunidad en su conjunto, de las m\u00faltiples actividades que se est\u00e1n llevando a cabo por parte de las distintas carteras, quienes esperan contar con la concurrencia y la activa interacci\u00f3n de los ciudadanos y ciudadanas en cada una de las iniciativas que se est\u00e1n llevando a cabo en la regi\u00f3n.<\/p>\n<p style=\"text-align: justify;\">\u201ccomo Gobierno queremos hacerle una invitaci\u00f3n a los habitantes de la comuna de Freirina, para que nos abran las puertas de sus distintas organizaciones sociales, tales como; juntas de vecinos, uniones comunales, clubes de adultos mayores, clubes deportivos, etc; para entablar un di\u00e1logo transparente y proactivo donde los principales beneficiados sean la comunidad en su conjunto. Por esto, queremos invitarlos a dialogar y a trabajar en mejorar la calidad de vida de todos y todas, los que formamos parte de esta hermosa Regi\u00f3n de Atacama\u201d, recalc\u00f3 la Seremi.<\/p>\n<p style=\"text-align: justify;\">Finalmente la vocera destac\u00f3 que\u201cel mandato del Presidente Sebasti\u00e1n Pi\u00f1era fue llegar a todos los rincones de la regi\u00f3n y escuchar lo que la gente nos tenga que decir, y as\u00ed lo hemos hecho; visitando Atacama y trabajando para solucionar las problem\u00e1ticas de sus habitantes. El Gobierno Regional y los Seremis tenemos nuestra energ\u00eda puesta en la comunidad y nadie quedar\u00e1 afuera\u201d.<\/p>\n","protected":false},"excerpt":{"rendered":"<p>Con respecto a las acusaciones hechas por el edil de la comuna de Freirina C\u00e9sar Orellana,quien se\u00f1al\u00f3 que los seremis no se han hecho presente&hellip; <\/p>\n","protected":false},"author":2,"featured_media":10163,"comment_status":"open","ping_status":"closed","sticky":false,"template":"","format":"standard","meta":{"footnotes":""},"categories":[3],"tags":[],"class_list":["post-10162","post","type-post","status-publish","format-standard","has-post-thumbnail","hentry","category-freirina"],"_links":{"self":[{"href":"https:\/\/www.radioamigavallenar.cl\/index.php?rest_route=\/wp\/v2\/posts\/10162","targetHints":{"allow":["GET"]}}],"collection":[{"href":"https:\/\/www.radioamigavallenar.cl\/index.php?rest_route=\/wp\/v2\/posts"}],"about":[{"href":"https:\/\/www.radioamigavallenar.cl\/index.php?rest_route=\/wp\/v2\/types\/post"}],"author":[{"embeddable":true,"href":"https:\/\/www.radioamigavallenar.cl\/index.php?rest_route=\/wp\/v2\/users\/2"}],"replies":[{"embeddable":true,"href":"https:\/\/www.radioamigavallenar.cl\/index.php?rest_route=%2Fwp%2Fv2%2Fcomments&post=10162"}],"version-history":[{"count":0,"href":"https:\/\/www.radioamigavallenar.cl\/index.php?rest_route=\/wp\/v2\/posts\/10162\/revisions"}],"wp:featuredmedia":[{"embeddable":true,"href":"https:\/\/www.radioamigavallenar.cl\/index.php?rest_route=\/wp\/v2\/media\/10163"}],"wp:attachment":[{"href":"https:\/\/www.radioamigavallenar.cl\/index.php?rest_route=%2Fwp%2Fv2%2Fmedia&parent=10162"}],"wp:term":[{"taxonomy":"category","embeddable":true,"href":"https:\/\/www.radioamigavallenar.cl\/index.php?rest_route=%2Fwp%2Fv2%2Fcategories&post=10162"},{"taxonomy":"post_tag","embeddable":true,"href":"https:\/\/www.radioamigavallenar.cl\/index.php?rest_route=%2Fwp%2Fv2%2Ftags&post=10162"}],"curies":[{"name":"wp","href":"https:\/\/api.w.org\/{rel}","templated":true}]}}