{"id":10159,"date":"2018-06-01T14:34:38","date_gmt":"2018-06-01T17:34:38","guid":{"rendered":"http:\/\/www.radioamigavallenar.cl\/?p=10159"},"modified":"2018-06-01T14:34:38","modified_gmt":"2018-06-01T17:34:38","slug":"ministro-prokurica-encabeza-la-primera-reunion-de-enami-con-nuevos-directores-designados-por-el-presidente-pinera","status":"publish","type":"post","link":"https:\/\/www.radioamigavallenar.cl\/?p=10159","title":{"rendered":"Ministro Prokurica encabeza la primera reuni\u00f3n de Enami con nuevos directores designados por el Presidente Pi\u00f1era"},"content":{"rendered":"<p style=\"text-align: justify;\"><a href=\"http:\/\/www.radioamigavallenar.cl\/wp-content\/uploads\/2018\/06\/Ministro-Miner\u00eda.jpg\"><img loading=\"lazy\" decoding=\"async\" class=\" size-medium wp-image-10160 aligncenter\" src=\"http:\/\/www.radioamigavallenar.cl\/wp-content\/uploads\/2018\/06\/Ministro-Miner\u00eda-300x225.jpg\" alt=\"Ministro Miner\u00eda\" width=\"300\" height=\"225\" srcset=\"https:\/\/www.radioamigavallenar.cl\/wp-content\/uploads\/2018\/06\/Ministro-Miner\u00eda-300x225.jpg 300w, https:\/\/www.radioamigavallenar.cl\/wp-content\/uploads\/2018\/06\/Ministro-Miner\u00eda.jpg 700w\" sizes=\"auto, (max-width: 300px) 100vw, 300px\" \/><\/a><\/p>\n<p style=\"text-align: justify;\">Hasta la casa matriz de la Empresa Nacional de Miner\u00eda (Enami) en Copiap\u00f3, lleg\u00f3 el ministro de la Cartera, Baldo Prokurica, para presidir la primera reuni\u00f3n del Directorio de la compa\u00f1\u00eda, en donde participaron, por primera vez, Juanita Galaz Palma, Karin JurgensenElbo y Francisco Orrego Bauz\u00e1, quienes fueron designados, el 25 de mayo, por el Presidente Sebasti\u00e1n Pi\u00f1era, como los nuevos integrantes de la instancia.<\/p>\n<p style=\"text-align: justify;\">\u201cHoy tenemos cambios muy importantes en la Empresa Nacional de Miner\u00eda. Por un lado, tenemos la llegada de Andr\u00e9 Sougarret a la vicepresidencia, que es un ingeniero de nivel internacional, mientras que, por otro lado, contamos con nuevos directores, que estamos seguros ser\u00e1n un gran aporte en el proceso de modernizaci\u00f3n de la compa\u00f1\u00eda, que apunta a avanzar en materia de transparencia y eficiencia en la principal labor de esta empresa, que es el apoyo y fomento de la peque\u00f1a y mediana miner\u00eda\u201d, se\u00f1al\u00f3 el secretario de Estado.<\/p>\n<p style=\"text-align: justify;\">El ministro Prokurica destac\u00f3 que \u201ctodos los malos ratos que han pasado los peque\u00f1os mineros se podr\u00edan haber evitado si la modernizaci\u00f3n de esta compa\u00f1\u00eda se hubiera tomado en el gobierno anterior y, por ello, es un tema que he abordado desde la primera reuni\u00f3n de este directorio\u201d.<\/p>\n<p style=\"text-align: justify;\">La m\u00e1xima autoridad de Miner\u00eda se\u00f1al\u00f3 que hoy se debe avanzar en mayor transparencia en los procesos de maquila, que se realizar\u00e1n a trav\u00e9s de un sistema automatizado, con el fin de terminar con las dudas que los mineros plantean en materia de leyes en la Enami.<\/p>\n<p style=\"text-align: justify;\">Junto con ello, se trabajar\u00e1 en la cotizaci\u00f3n de un sistema de c\u00e1mara de vigilancias para las canchas de acopio de las mineras. Y, como tercera tarea, se est\u00e1 revisando la posibilidad de contar con un proceso autom\u00e1tico de verificaci\u00f3n de leyes y de los contenidos que tiene cada uno de los minerales que llevan los mineros.<\/p>\n<p style=\"text-align: justify;\"><strong>Visita a la Regi\u00f3n de Atacama <\/strong><\/p>\n<p style=\"text-align: justify;\">Previo a la reuni\u00f3n del directorio, el ministro de Miner\u00eda realiz\u00f3 una charla magistral en la Universidad de Atacama, en donde dio a conocer los desaf\u00edos que tiene la miner\u00eda chilena y, junto con ello, las oportunidades que se abren para poder enfrentar esos retos.<\/p>\n<p style=\"text-align: justify;\">En esa l\u00ednea, a\u00f1adi\u00f3 que \u201cen la Regi\u00f3n hoy existen cuatro proyectos que, en un mediano plazo, se van a materializar, lo que se traducir\u00e1 en mayores oportunidades de trabajo, desarrollo y de inversi\u00f3n para la zona\u201d.<\/p>\n<p style=\"text-align: justify;\">\u201cPor un lado, est\u00e1 el proyecto \u201cNueva Norte\u201d, dos iniciativas en la Provincia de Cha\u00f1aral, de los cuales uno est\u00e1 en estudio de impacto ambiental, mientras que otro est\u00e1 comenzando dicho proceso. Junto con ello, se est\u00e1n ampliando otros proyectos que ya est\u00e1n instalados en la zona, pero que van a generar una cantidad muy importante de trabajo y de oportunidades\u201d, se\u00f1al\u00f3 el ministro Baldo Prokurica.<\/p>\n<p style=\"text-align: justify;\">Durante su visita, la m\u00e1xima autoridad de la Cartera se reuni\u00f3 con la Intendenta de la Regi\u00f3n de Atacama, Berta Torres, adem\u00e1s de diversas asociaciones mineras de la zona, con el fin de que los mineros pudiesen plantear sus principales consultas respecto al funcionamiento de la Empresa Nacional de Miner\u00eda (Enami).<\/p>\n","protected":false},"excerpt":{"rendered":"<p>Hasta la casa matriz de la Empresa Nacional de Miner\u00eda (Enami) en Copiap\u00f3, lleg\u00f3 el ministro de la Cartera, Baldo Prokurica, para presidir la primera&hellip; <\/p>\n","protected":false},"author":2,"featured_media":10160,"comment_status":"open","ping_status":"closed","sticky":false,"template":"","format":"standard","meta":{"footnotes":""},"categories":[7],"tags":[],"class_list":["post-10159","post","type-post","status-publish","format-standard","has-post-thumbnail","hentry","category-atacama"],"_links":{"self":[{"href":"https:\/\/www.radioamigavallenar.cl\/index.php?rest_route=\/wp\/v2\/posts\/10159","targetHints":{"allow":["GET"]}}],"collection":[{"href":"https:\/\/www.radioamigavallenar.cl\/index.php?rest_route=\/wp\/v2\/posts"}],"about":[{"href":"https:\/\/www.radioamigavallenar.cl\/index.php?rest_route=\/wp\/v2\/types\/post"}],"author":[{"embeddable":true,"href":"https:\/\/www.radioamigavallenar.cl\/index.php?rest_route=\/wp\/v2\/users\/2"}],"replies":[{"embeddable":true,"href":"https:\/\/www.radioamigavallenar.cl\/index.php?rest_route=%2Fwp%2Fv2%2Fcomments&post=10159"}],"version-history":[{"count":0,"href":"https:\/\/www.radioamigavallenar.cl\/index.php?rest_route=\/wp\/v2\/posts\/10159\/revisions"}],"wp:featuredmedia":[{"embeddable":true,"href":"https:\/\/www.radioamigavallenar.cl\/index.php?rest_route=\/wp\/v2\/media\/10160"}],"wp:attachment":[{"href":"https:\/\/www.radioamigavallenar.cl\/index.php?rest_route=%2Fwp%2Fv2%2Fmedia&parent=10159"}],"wp:term":[{"taxonomy":"category","embeddable":true,"href":"https:\/\/www.radioamigavallenar.cl\/index.php?rest_route=%2Fwp%2Fv2%2Fcategories&post=10159"},{"taxonomy":"post_tag","embeddable":true,"href":"https:\/\/www.radioamigavallenar.cl\/index.php?rest_route=%2Fwp%2Fv2%2Ftags&post=10159"}],"curies":[{"name":"wp","href":"https:\/\/api.w.org\/{rel}","templated":true}]}}