{"id":10156,"date":"2018-06-01T14:31:14","date_gmt":"2018-06-01T17:31:14","guid":{"rendered":"http:\/\/www.radioamigavallenar.cl\/?p=10156"},"modified":"2018-06-01T14:31:14","modified_gmt":"2018-06-01T17:31:14","slug":"exitosa-clinica-de-ciclismo-se-realizo-en-el-lvh","status":"publish","type":"post","link":"https:\/\/www.radioamigavallenar.cl\/?p=10156","title":{"rendered":"Exitosa cl\u00ednica de ciclismo se realiz\u00f3 en el LVH"},"content":{"rendered":"<p style=\"text-align: justify;\"><a href=\"http:\/\/www.radioamigavallenar.cl\/wp-content\/uploads\/2018\/06\/Ciclismo-clinica.jpg\"><img loading=\"lazy\" decoding=\"async\" class=\" size-medium wp-image-10157 aligncenter\" src=\"http:\/\/www.radioamigavallenar.cl\/wp-content\/uploads\/2018\/06\/Ciclismo-clinica-300x200.jpg\" alt=\"Ciclismo clinica\" width=\"300\" height=\"200\" srcset=\"https:\/\/www.radioamigavallenar.cl\/wp-content\/uploads\/2018\/06\/Ciclismo-clinica-300x200.jpg 300w, https:\/\/www.radioamigavallenar.cl\/wp-content\/uploads\/2018\/06\/Ciclismo-clinica.jpg 700w\" sizes=\"auto, (max-width: 300px) 100vw, 300px\" \/><\/a><\/p>\n<p style=\"text-align: justify;\">Cerca de 50 ciclistas regionales concurrieron este mi\u00e9rcoles en la noche a la sala de conferencias del Estadio Luis Valenzuela Hermosilla para participar en la Cl\u00ednica de Mountainbike dictada por Patricio Alfaro P. Director de Nv Entrenamiento &amp; Nutrici\u00f3n, quien realiz\u00f3 una charla t\u00e9cnica sobre funcionalidad de medici\u00f3n, tendencias y t\u00e9cnicas en MTB, fisiolog\u00eda y nutrici\u00f3n deportiva.<\/p>\n<p style=\"text-align: justify;\">El organizador de la actividad, Claudio Trigo del Club de Ciclismo El Palomar, se\u00f1al\u00f3 al respecto: \u201cEstamos muy contentos porque el trabajo que llevamos hace unos 8 a\u00f1os como Club y Asociaci\u00f3n, en donde hemos realizado carreras y cl\u00ednicas como \u00e9sta, est\u00e1 haciendo crecer el ciclismo regional, destacando Agradecemos al Mindep, IND, Transportes Depetris, Minimarket Los Escorpiones, HNCOM, y ABS por apoyar esta cl\u00ednica\u201d.<\/p>\n<p style=\"text-align: justify;\">El Seremi del Deporte, Guillermo Procuriza, quien tambi\u00e9n practica Mountainbike, agradeci\u00f3 la realizaci\u00f3n de esta Cl\u00ednica: \u201cEl desarrollo deportivo como regi\u00f3n lo vamos a alcanzar con iniciativas de este tipo, donde los clubes son capaces de generar actividades que beneficien a sus socios y a la comunidad deportiva en general. Por eso como Ministerio del Deporte siempre vamos a apoyar estas actividades que buscan transmitir conocimientos y generar una mayor cultura deportiva\u201d.<\/p>\n<p style=\"text-align: justify;\">La ciclista regional Andrea Gost, junto a destacados ciclistas Alejandra Olgu\u00edn, Flavio Naciff, Mario Villarroel y David Trigo, entre otros, fue parte de esta iniciativa: \u201cEstuvo muy bueno el curso, sobre todo en c\u00f3mo complementar la parte alimenticia con el deporte. Sirven estos conocimientos para cuidarse m\u00e1s y para que en cada entrenamiento que uno haga se obtenga el mejor resultado buscado y as\u00ed llegar en buenas condiciones frente a cualquier competencia o meta que tengamos\u201d, se\u00f1al\u00f3 Andrea.<\/p>\n","protected":false},"excerpt":{"rendered":"<p>Cerca de 50 ciclistas regionales concurrieron este mi\u00e9rcoles en la noche a la sala de conferencias del Estadio Luis Valenzuela Hermosilla para participar en la&hellip; <\/p>\n","protected":false},"author":2,"featured_media":10157,"comment_status":"open","ping_status":"closed","sticky":false,"template":"","format":"standard","meta":{"footnotes":""},"categories":[8],"tags":[],"class_list":["post-10156","post","type-post","status-publish","format-standard","has-post-thumbnail","hentry","category-deportes"],"_links":{"self":[{"href":"https:\/\/www.radioamigavallenar.cl\/index.php?rest_route=\/wp\/v2\/posts\/10156","targetHints":{"allow":["GET"]}}],"collection":[{"href":"https:\/\/www.radioamigavallenar.cl\/index.php?rest_route=\/wp\/v2\/posts"}],"about":[{"href":"https:\/\/www.radioamigavallenar.cl\/index.php?rest_route=\/wp\/v2\/types\/post"}],"author":[{"embeddable":true,"href":"https:\/\/www.radioamigavallenar.cl\/index.php?rest_route=\/wp\/v2\/users\/2"}],"replies":[{"embeddable":true,"href":"https:\/\/www.radioamigavallenar.cl\/index.php?rest_route=%2Fwp%2Fv2%2Fcomments&post=10156"}],"version-history":[{"count":0,"href":"https:\/\/www.radioamigavallenar.cl\/index.php?rest_route=\/wp\/v2\/posts\/10156\/revisions"}],"wp:featuredmedia":[{"embeddable":true,"href":"https:\/\/www.radioamigavallenar.cl\/index.php?rest_route=\/wp\/v2\/media\/10157"}],"wp:attachment":[{"href":"https:\/\/www.radioamigavallenar.cl\/index.php?rest_route=%2Fwp%2Fv2%2Fmedia&parent=10156"}],"wp:term":[{"taxonomy":"category","embeddable":true,"href":"https:\/\/www.radioamigavallenar.cl\/index.php?rest_route=%2Fwp%2Fv2%2Fcategories&post=10156"},{"taxonomy":"post_tag","embeddable":true,"href":"https:\/\/www.radioamigavallenar.cl\/index.php?rest_route=%2Fwp%2Fv2%2Ftags&post=10156"}],"curies":[{"name":"wp","href":"https:\/\/api.w.org\/{rel}","templated":true}]}}