{"id":10153,"date":"2018-06-01T14:27:49","date_gmt":"2018-06-01T17:27:49","guid":{"rendered":"http:\/\/www.radioamigavallenar.cl\/?p=10153"},"modified":"2018-06-01T14:27:49","modified_gmt":"2018-06-01T17:27:49","slug":"en-domeyko-conmemoran-el-dia-mundial-sin-fumar","status":"publish","type":"post","link":"https:\/\/www.radioamigavallenar.cl\/?p=10153","title":{"rendered":"En Domeyko conmemoran el D\u00eda Mundial sin fumar"},"content":{"rendered":"<p style=\"text-align: justify;\"><a href=\"http:\/\/www.radioamigavallenar.cl\/wp-content\/uploads\/2018\/06\/Domeyko.jpg\"><img loading=\"lazy\" decoding=\"async\" class=\" size-medium wp-image-10154 aligncenter\" src=\"http:\/\/www.radioamigavallenar.cl\/wp-content\/uploads\/2018\/06\/Domeyko-300x225.jpg\" alt=\"Domeyko\" width=\"300\" height=\"225\" srcset=\"https:\/\/www.radioamigavallenar.cl\/wp-content\/uploads\/2018\/06\/Domeyko-300x225.jpg 300w, https:\/\/www.radioamigavallenar.cl\/wp-content\/uploads\/2018\/06\/Domeyko.jpg 700w\" sizes=\"auto, (max-width: 300px) 100vw, 300px\" \/><\/a><\/p>\n<p style=\"text-align: justify;\">Con motivo de la Conmemoracion del Dia Mundial Sin Fumar, se desarrollo en la localidad de Domeyko, una serie de talleres educacitivos en la Escuela Roberto Cuadra Alquinta para los alumnos de los cursos de s\u00e9ptimo y octavo b\u00e1sico, realizados por la profesional de salud Valeska Cuadra Gutierrez de la Posta de Salud Rural de Domeyko, los cuales contaron con im\u00e1genes y videos demostrativos de los da\u00f1os y peligros ocasionados por el alto consumo de cigarrillos en adolecentes en edad escolar, contando con el apoyo del Director y profesores del establecimiento educacional, los cuales se dictaron el mi\u00e9rcoles 30 de mayo.<\/p>\n<p style=\"text-align: justify;\">En tanto el d\u00eda jueves 31 de mayo, se realiz\u00f3 una ampl\u00eda exposici\u00f3n en la Plazoleta Ismael Aguirre, desde las 11:00 horas la cual duro hasta las 14:00 horas, donde se desarrollaron talleres de pinturas para peque\u00f1os por parte de Fabiola Godoy Sep\u00falveda Operadora del Telecentro Domeyko, Fundaci\u00f3n de las Familias y adem\u00e1s de una serie de paneles informativos, exposiciones de libros, diagn\u00f3sticos m\u00e9dicos Preventivos, degustaci\u00f3n de comida sana, entrega de d\u00edpticos y tr\u00edpticos a todo color con dietas alimenticias, vida sana, cuidados de la salud, entrega de revistas, libros y folleter\u00eda y mucho m\u00e1s.<\/p>\n<p style=\"text-align: justify;\">El D\u00eda Mundial Sin Fumar, se desarrolla en Domeyko desde 1977 por los Adventista de Domeyko, cuando se realizaba en el mes de octubre y desde el 2005 a 2018 en forma continua organizada por la Posta de Salud Rural de Domeyko y la Iglesia Adventista del S\u00e9ptimo D\u00eda, de Domeyko, contando con el apoyo de la Escuela de Domeyko, Jard\u00edn Infantil Mi Peque\u00f1o Mundo, la Posta de Cachiyuyo, El Telecentro Domeyko, el Equipo de Salud Rural de la Comuna de Vallenar y la Oficina Municipal de Domeyko.<\/p>\n","protected":false},"excerpt":{"rendered":"<p>Con motivo de la Conmemoracion del Dia Mundial Sin Fumar, se desarrollo en la localidad de Domeyko, una serie de talleres educacitivos en la Escuela&hellip; <\/p>\n","protected":false},"author":2,"featured_media":10154,"comment_status":"open","ping_status":"closed","sticky":false,"template":"","format":"standard","meta":{"footnotes":""},"categories":[2],"tags":[],"class_list":["post-10153","post","type-post","status-publish","format-standard","has-post-thumbnail","hentry","category-vallenar"],"_links":{"self":[{"href":"https:\/\/www.radioamigavallenar.cl\/index.php?rest_route=\/wp\/v2\/posts\/10153","targetHints":{"allow":["GET"]}}],"collection":[{"href":"https:\/\/www.radioamigavallenar.cl\/index.php?rest_route=\/wp\/v2\/posts"}],"about":[{"href":"https:\/\/www.radioamigavallenar.cl\/index.php?rest_route=\/wp\/v2\/types\/post"}],"author":[{"embeddable":true,"href":"https:\/\/www.radioamigavallenar.cl\/index.php?rest_route=\/wp\/v2\/users\/2"}],"replies":[{"embeddable":true,"href":"https:\/\/www.radioamigavallenar.cl\/index.php?rest_route=%2Fwp%2Fv2%2Fcomments&post=10153"}],"version-history":[{"count":0,"href":"https:\/\/www.radioamigavallenar.cl\/index.php?rest_route=\/wp\/v2\/posts\/10153\/revisions"}],"wp:featuredmedia":[{"embeddable":true,"href":"https:\/\/www.radioamigavallenar.cl\/index.php?rest_route=\/wp\/v2\/media\/10154"}],"wp:attachment":[{"href":"https:\/\/www.radioamigavallenar.cl\/index.php?rest_route=%2Fwp%2Fv2%2Fmedia&parent=10153"}],"wp:term":[{"taxonomy":"category","embeddable":true,"href":"https:\/\/www.radioamigavallenar.cl\/index.php?rest_route=%2Fwp%2Fv2%2Fcategories&post=10153"},{"taxonomy":"post_tag","embeddable":true,"href":"https:\/\/www.radioamigavallenar.cl\/index.php?rest_route=%2Fwp%2Fv2%2Ftags&post=10153"}],"curies":[{"name":"wp","href":"https:\/\/api.w.org\/{rel}","templated":true}]}}