{"id":10150,"date":"2018-06-01T14:25:01","date_gmt":"2018-06-01T17:25:01","guid":{"rendered":"http:\/\/www.radioamigavallenar.cl\/?p=10150"},"modified":"2018-06-01T14:25:01","modified_gmt":"2018-06-01T17:25:01","slug":"juzgado-garantia-mantuvo-cautelar-de-prision-preventiva-a-suspendido-alcalde-de-tierra-amarilla","status":"publish","type":"post","link":"https:\/\/www.radioamigavallenar.cl\/?p=10150","title":{"rendered":"Juzgado Garant\u00eda mantuvo cautelar de prisi\u00f3n preventiva a suspendido alcalde de Tierra Amarilla"},"content":{"rendered":"<p style=\"text-align: justify;\"><a href=\"http:\/\/www.radioamigavallenar.cl\/wp-content\/uploads\/2018\/06\/AUDIENCIA.jpg\"><img loading=\"lazy\" decoding=\"async\" class=\" size-medium wp-image-10151 aligncenter\" src=\"http:\/\/www.radioamigavallenar.cl\/wp-content\/uploads\/2018\/06\/AUDIENCIA-300x207.jpg\" alt=\"AUDIENCIA\" width=\"300\" height=\"207\" srcset=\"https:\/\/www.radioamigavallenar.cl\/wp-content\/uploads\/2018\/06\/AUDIENCIA-300x207.jpg 300w, https:\/\/www.radioamigavallenar.cl\/wp-content\/uploads\/2018\/06\/AUDIENCIA.jpg 700w\" sizes=\"auto, (max-width: 300px) 100vw, 300px\" \/><\/a><\/p>\n<p style=\"text-align: justify;\">El Juzgado de Garant\u00eda de Copiap\u00f3 rechaz\u00f3 la ma\u00f1ana de este viernes la solicitud de cambio de medida cautelar que realiz\u00f3 la defensa del suspendido alcalde de Tierra Amarilla, quien se mantiene en prisi\u00f3n preventiva formalizado por cargos de fraude al fisco y negociaci\u00f3n incompatible.<\/p>\n<p style=\"text-align: justify;\">En la audiencia los argumentos con que la defensa sustent\u00f3 su solicitud dieron cuenta de la actuaci\u00f3n irregular de otros imputados en esta causa, entre ellos el administrador municipal en la \u00e9poca en que ocurrieron los hechos indagados, en los que el edil no habr\u00eda tenido participaci\u00f3n ni informaci\u00f3n de acuerdo a lo manifestado por su abogado. Agregando que las actuales condiciones de salud no permiten al imputado permanecer privado de libertad en la c\u00e1rcel de la capital regional.<\/p>\n<p style=\"text-align: justify;\">Por su parte, el fiscal que dirige la investigaci\u00f3n, Luis Miranda Flores, argument\u00f3 que respecto de los antecedentes dados a conocer en la audiencia de formalizaci\u00f3n, no hay a la fecha cambios importantes que sustenten una modificaci\u00f3n en la medida cautelar que actualmente cumple el imputado, raz\u00f3n por la que rechaz\u00f3 la solicitud. Agregando que la investigaci\u00f3n ha continuado su curso y ya se cuenta con nuevas versiones de otros imputados en esta indagatoria.<\/p>\n<p style=\"text-align: justify;\">Por su parte, el abogado del Consejo de Defensa del Estado, parte querellante en este caso, insisti\u00f3 en que testimonios de familiares del imputado que est\u00e1n insertos en la carpeta investigativa, dan cuenta del conocimiento que el suspendido alcalde ten\u00eda de las acciones de la Corporaci\u00f3n Municipal de Fomento al Desarrollo Comunal, Cultural y Productivo (Cordeta) que actualmente se investigan.<\/p>\n<p style=\"text-align: justify;\">Frente a las exposiciones y luego del an\u00e1lisis que el Juez de turno hizo de ella, \u00e9ste determin\u00f3 rechazar la solicitud de cambio de medida cautelar, por lo que el imputado se mantendr\u00e1 bajo prisi\u00f3n preventiva en la c\u00e1rcel local.<\/p>\n<p style=\"text-align: justify;\">EL CASO<\/p>\n<p style=\"text-align: justify;\">Cabe se\u00f1alar que el Fiscal Luis Miranda Flores, indaga la constituci\u00f3n en la comuna de Tierra Amarilla de la Cordeta en el a\u00f1o 2016, cuyo directorio estaba encabezado por el alcalde de la \u00e9poca, adem\u00e1s de otros dos funcionarios municipales e imputados en estos hechos. La investigaci\u00f3n de la Fiscal\u00eda, como primer t\u00e9rmino, indag\u00f3 el irregular nombramiento de la secretaria ejecutiva de este organismo, cargo en que fue designada la cuarta imputada en este caso y quien es familiar del alcalde. Funcionaria que tambi\u00e9n fue formalizada en esta investigaci\u00f3n.<\/p>\n<p style=\"text-align: justify;\">Paralelamente, desde el municipio de la mencionada comuna se concret\u00f3 el traspaso de un monto de 250 millones de pesos a la Cordeta, cuyo origen del dinero correspond\u00eda al presupuesto anual de dicha municipalidad para ese a\u00f1o.<\/p>\n<p style=\"text-align: justify;\">Seg\u00fan lo detallado por la Fiscal\u00eda en la audiencia de formalizaci\u00f3n, en el mes de marzo del a\u00f1o 2016, la Cordeta firm\u00f3 un contrato de prestaci\u00f3n de servicios con la empresa Likar SpA por un\u00a0monto de $214 millones por el plazo de diez meses, el cual se refer\u00eda a servicios de aseo, seguridad y apoyo t\u00e9cnico y soporte inform\u00e1tico. Contrataci\u00f3n que no se enmarc\u00f3 al convenio\u00a0entre la municipalidad y Cordeta, ya que los aportes traspasados s\u00f3lo pod\u00edan tener fines espec\u00edficos y con beneficios para la comuna, en el \u00e1mbito cultural y productivo. Determin\u00e1ndose que el propietario de la empresa, uno de los imputados en esta causa, era un ex funcionario de la municipalidad y ex socio de la Corporaci\u00f3n.<\/p>\n<p style=\"text-align: justify;\">El tercer hecho investigado en este caso, est\u00e1 relacionado con que la empresa indagada contrat\u00f3, a petici\u00f3n del alcalde de la \u00e9poca, a familiares directos, quienes prestaron declaraci\u00f3n ante la Brigada de Delitos Econ\u00f3micos de la PDI que apoya la investigaci\u00f3n de este caso, manifestando que no firmaron ning\u00fan documento contractual y tampoco recibieron liquidaciones de sueldo, mientras que sus pagos eran obtenidos en dinero en efectivo y en sobres cerrados. Empleados de quienes no se ha logrado a\u00fan establecer qu\u00e9 tipo de servicios llevaron a cabo.<\/p>\n<p style=\"text-align: justify;\">\n","protected":false},"excerpt":{"rendered":"<p>El Juzgado de Garant\u00eda de Copiap\u00f3 rechaz\u00f3 la ma\u00f1ana de este viernes la solicitud de cambio de medida cautelar que realiz\u00f3 la defensa del suspendido&hellip; <\/p>\n","protected":false},"author":2,"featured_media":10151,"comment_status":"open","ping_status":"closed","sticky":false,"template":"","format":"standard","meta":{"footnotes":""},"categories":[6],"tags":[],"class_list":["post-10150","post","type-post","status-publish","format-standard","has-post-thumbnail","hentry","category-policial"],"_links":{"self":[{"href":"https:\/\/www.radioamigavallenar.cl\/index.php?rest_route=\/wp\/v2\/posts\/10150","targetHints":{"allow":["GET"]}}],"collection":[{"href":"https:\/\/www.radioamigavallenar.cl\/index.php?rest_route=\/wp\/v2\/posts"}],"about":[{"href":"https:\/\/www.radioamigavallenar.cl\/index.php?rest_route=\/wp\/v2\/types\/post"}],"author":[{"embeddable":true,"href":"https:\/\/www.radioamigavallenar.cl\/index.php?rest_route=\/wp\/v2\/users\/2"}],"replies":[{"embeddable":true,"href":"https:\/\/www.radioamigavallenar.cl\/index.php?rest_route=%2Fwp%2Fv2%2Fcomments&post=10150"}],"version-history":[{"count":0,"href":"https:\/\/www.radioamigavallenar.cl\/index.php?rest_route=\/wp\/v2\/posts\/10150\/revisions"}],"wp:featuredmedia":[{"embeddable":true,"href":"https:\/\/www.radioamigavallenar.cl\/index.php?rest_route=\/wp\/v2\/media\/10151"}],"wp:attachment":[{"href":"https:\/\/www.radioamigavallenar.cl\/index.php?rest_route=%2Fwp%2Fv2%2Fmedia&parent=10150"}],"wp:term":[{"taxonomy":"category","embeddable":true,"href":"https:\/\/www.radioamigavallenar.cl\/index.php?rest_route=%2Fwp%2Fv2%2Fcategories&post=10150"},{"taxonomy":"post_tag","embeddable":true,"href":"https:\/\/www.radioamigavallenar.cl\/index.php?rest_route=%2Fwp%2Fv2%2Ftags&post=10150"}],"curies":[{"name":"wp","href":"https:\/\/api.w.org\/{rel}","templated":true}]}}