{"id":10147,"date":"2018-06-01T08:00:28","date_gmt":"2018-06-01T11:00:28","guid":{"rendered":"http:\/\/www.radioamigavallenar.cl\/?p=10147"},"modified":"2018-06-01T14:21:50","modified_gmt":"2018-06-01T17:21:50","slug":"carabineros-de-vallenar-evacuo-a-menores-de-jardin-infantil-por-riesgo-de-emanacion-de-gas","status":"publish","type":"post","link":"https:\/\/www.radioamigavallenar.cl\/?p=10147","title":{"rendered":"Carabineros de Vallenar evacu\u00f3 a menores de jard\u00edn infantil por riesgo de emanaci\u00f3n de gas"},"content":{"rendered":"<p style=\"text-align: justify;\"><a href=\"http:\/\/www.radioamigavallenar.cl\/wp-content\/uploads\/2018\/06\/evacuacion.jpg\"><img loading=\"lazy\" decoding=\"async\" class=\" size-medium wp-image-10148 aligncenter\" src=\"http:\/\/www.radioamigavallenar.cl\/wp-content\/uploads\/2018\/06\/evacuacion-300x225.jpg\" alt=\"evacuacion\" width=\"300\" height=\"225\" srcset=\"https:\/\/www.radioamigavallenar.cl\/wp-content\/uploads\/2018\/06\/evacuacion-300x225.jpg 300w, https:\/\/www.radioamigavallenar.cl\/wp-content\/uploads\/2018\/06\/evacuacion.jpg 700w\" sizes=\"auto, (max-width: 300px) 100vw, 300px\" \/><\/a><\/p>\n<p style=\"text-align: justify;\">Una vez m\u00e1s la r\u00e1pida intervenci\u00f3n de Carabineros, evit\u00f3 que cerca de 80 menores del jard\u00edn infantil y sala cuna &#8216;Los Arbolitos&#8217;, de la comuna de Vallenar, resultaran intoxicados producto de la emanaci\u00f3n de gas sulfh\u00eddrico.<\/p>\n<p style=\"text-align: justify;\">El personal policial, de dotaci\u00f3n del ret\u00e9n Alfredo Rozas Bug\u00fce\u00f1o, concurri\u00f3 al llamado de emergencia que realizaron las t\u00edas del jard\u00edn infantil, ubicado en la poblaci\u00f3n Baquedano en la capital de la provincia de Huasco, logrando oportunamente evitar que lactantes, ni\u00f1os y ni\u00f1as en edad preescolar y 16 personas adultas, resultaran intoxicados producto de las emanaciones de gases.<\/p>\n","protected":false},"excerpt":{"rendered":"<p>Una vez m\u00e1s la r\u00e1pida intervenci\u00f3n de Carabineros, evit\u00f3 que cerca de 80 menores del jard\u00edn infantil y sala cuna &#8216;Los Arbolitos&#8217;, de la comuna&hellip; <\/p>\n","protected":false},"author":2,"featured_media":10148,"comment_status":"open","ping_status":"closed","sticky":false,"template":"","format":"standard","meta":{"footnotes":""},"categories":[6],"tags":[],"class_list":["post-10147","post","type-post","status-publish","format-standard","has-post-thumbnail","hentry","category-policial"],"_links":{"self":[{"href":"https:\/\/www.radioamigavallenar.cl\/index.php?rest_route=\/wp\/v2\/posts\/10147","targetHints":{"allow":["GET"]}}],"collection":[{"href":"https:\/\/www.radioamigavallenar.cl\/index.php?rest_route=\/wp\/v2\/posts"}],"about":[{"href":"https:\/\/www.radioamigavallenar.cl\/index.php?rest_route=\/wp\/v2\/types\/post"}],"author":[{"embeddable":true,"href":"https:\/\/www.radioamigavallenar.cl\/index.php?rest_route=\/wp\/v2\/users\/2"}],"replies":[{"embeddable":true,"href":"https:\/\/www.radioamigavallenar.cl\/index.php?rest_route=%2Fwp%2Fv2%2Fcomments&post=10147"}],"version-history":[{"count":0,"href":"https:\/\/www.radioamigavallenar.cl\/index.php?rest_route=\/wp\/v2\/posts\/10147\/revisions"}],"wp:featuredmedia":[{"embeddable":true,"href":"https:\/\/www.radioamigavallenar.cl\/index.php?rest_route=\/wp\/v2\/media\/10148"}],"wp:attachment":[{"href":"https:\/\/www.radioamigavallenar.cl\/index.php?rest_route=%2Fwp%2Fv2%2Fmedia&parent=10147"}],"wp:term":[{"taxonomy":"category","embeddable":true,"href":"https:\/\/www.radioamigavallenar.cl\/index.php?rest_route=%2Fwp%2Fv2%2Fcategories&post=10147"},{"taxonomy":"post_tag","embeddable":true,"href":"https:\/\/www.radioamigavallenar.cl\/index.php?rest_route=%2Fwp%2Fv2%2Ftags&post=10147"}],"curies":[{"name":"wp","href":"https:\/\/api.w.org\/{rel}","templated":true}]}}