{"id":10143,"date":"2018-06-01T14:19:04","date_gmt":"2018-06-01T17:19:04","guid":{"rendered":"http:\/\/www.radioamigavallenar.cl\/?p=10143"},"modified":"2018-06-01T14:19:04","modified_gmt":"2018-06-01T17:19:04","slug":"carabineros-recupero-especies-a-empresa-fotovoltaica","status":"publish","type":"post","link":"https:\/\/www.radioamigavallenar.cl\/?p=10143","title":{"rendered":"Carabineros recuper\u00f3 especies a empresa fotovoltaica"},"content":{"rendered":"<p style=\"text-align: justify;\"><a href=\"http:\/\/www.radioamigavallenar.cl\/wp-content\/uploads\/2018\/06\/especies-recuperadas.jpg\"><img loading=\"lazy\" decoding=\"async\" class=\" size-medium wp-image-10144 aligncenter\" src=\"http:\/\/www.radioamigavallenar.cl\/wp-content\/uploads\/2018\/06\/especies-recuperadas-300x168.jpg\" alt=\"especies recuperadas\" width=\"300\" height=\"168\" srcset=\"https:\/\/www.radioamigavallenar.cl\/wp-content\/uploads\/2018\/06\/especies-recuperadas-300x168.jpg 300w, https:\/\/www.radioamigavallenar.cl\/wp-content\/uploads\/2018\/06\/especies-recuperadas.jpg 700w\" sizes=\"auto, (max-width: 300px) 100vw, 300px\" \/><\/a><\/p>\n<p style=\"text-align: justify;\">Personal de Carabineros de la Segunda Comisar\u00eda Copiap\u00f3, recuper\u00f3 en tiempo record un veh\u00edculo robado y ocho rollos de cables de cobre, de propiedad de la Planta Fotovoltaica Valle Este y Oeste, ubicada en el fundo El Dorado, en el Kil\u00f3metro 814 de la Ruta 5 Norte.<\/p>\n<p style=\"text-align: justify;\">La informaci\u00f3n entregada por el Prefecto de Atacama, Coronel Iv\u00e1n Ibaceta Silva indica que este hecho ocurri\u00f3 durante la madrugada de este jueves, y fue producto de los servicios preventivos que realizaba el personal de Carabineros por el sector, que se logr\u00f3 recuperar las especies, el veh\u00edculo de uno de los guardias y el cami\u00f3n utilizado para sustraer los cables.<\/p>\n<p style=\"text-align: justify;\">Seg\u00fan la versi\u00f3n de los guardias de la planta fotovoltaica (en etapa de construcci\u00f3n), fueron cinco individuos a rostro cubierto, mediante la intimidaci\u00f3n con armas \u201caparentemente\u201d de fuego, que procedieron a maniatarlos y golpearlos, para luego sustraer los rollos de cables de cobre, diversas especies electronicas y una camioneta de propiedad de uno de los guardias.<\/p>\n<p style=\"text-align: justify;\">Las especies sustra\u00eddas fueron avaluadas -por la empresa- en la suma de 300 millones de pesos.<\/p>\n<p style=\"text-align: justify;\">Una vez que Carabineros tom\u00f3 conocimiento del hecho y mientras realizaba patrullajes por una ruta alternativa de San Expedito, sector Bodega, a unos 6 km hacia el interior, divis\u00f3 un cami\u00f3n y una camioneta con las caracter\u00edsticas se\u00f1aladas. Sin embargo, al momento de la fiscalizaci\u00f3n, el conductor del cami\u00f3n huy\u00f3 del lugar por los cerros del desierto, no logrando dar alcance a dicho individuo ni tampoco al resto de los participantes en este delito.<\/p>\n<p style=\"text-align: justify;\">El fiscal de turno dispuso que las diligencias investigativas quedaran a cargo de PDI.<\/p>\n","protected":false},"excerpt":{"rendered":"<p>Personal de Carabineros de la Segunda Comisar\u00eda Copiap\u00f3, recuper\u00f3 en tiempo record un veh\u00edculo robado y ocho rollos de cables de cobre, de propiedad de&hellip; <\/p>\n","protected":false},"author":2,"featured_media":10144,"comment_status":"open","ping_status":"closed","sticky":false,"template":"","format":"standard","meta":{"footnotes":""},"categories":[6],"tags":[],"class_list":["post-10143","post","type-post","status-publish","format-standard","has-post-thumbnail","hentry","category-policial"],"_links":{"self":[{"href":"https:\/\/www.radioamigavallenar.cl\/index.php?rest_route=\/wp\/v2\/posts\/10143","targetHints":{"allow":["GET"]}}],"collection":[{"href":"https:\/\/www.radioamigavallenar.cl\/index.php?rest_route=\/wp\/v2\/posts"}],"about":[{"href":"https:\/\/www.radioamigavallenar.cl\/index.php?rest_route=\/wp\/v2\/types\/post"}],"author":[{"embeddable":true,"href":"https:\/\/www.radioamigavallenar.cl\/index.php?rest_route=\/wp\/v2\/users\/2"}],"replies":[{"embeddable":true,"href":"https:\/\/www.radioamigavallenar.cl\/index.php?rest_route=%2Fwp%2Fv2%2Fcomments&post=10143"}],"version-history":[{"count":0,"href":"https:\/\/www.radioamigavallenar.cl\/index.php?rest_route=\/wp\/v2\/posts\/10143\/revisions"}],"wp:featuredmedia":[{"embeddable":true,"href":"https:\/\/www.radioamigavallenar.cl\/index.php?rest_route=\/wp\/v2\/media\/10144"}],"wp:attachment":[{"href":"https:\/\/www.radioamigavallenar.cl\/index.php?rest_route=%2Fwp%2Fv2%2Fmedia&parent=10143"}],"wp:term":[{"taxonomy":"category","embeddable":true,"href":"https:\/\/www.radioamigavallenar.cl\/index.php?rest_route=%2Fwp%2Fv2%2Fcategories&post=10143"},{"taxonomy":"post_tag","embeddable":true,"href":"https:\/\/www.radioamigavallenar.cl\/index.php?rest_route=%2Fwp%2Fv2%2Ftags&post=10143"}],"curies":[{"name":"wp","href":"https:\/\/api.w.org\/{rel}","templated":true}]}}