{"id":10140,"date":"2018-05-31T18:49:52","date_gmt":"2018-05-31T21:49:52","guid":{"rendered":"http:\/\/www.radioamigavallenar.cl\/?p=10140"},"modified":"2018-05-31T18:49:52","modified_gmt":"2018-05-31T21:49:52","slug":"gobierno-apunta-a-mejorar-cifras-de-empleo-y-pone-enfasis-en-los-dineros-de-reconstruccion-que-no-se-utilizaron","status":"publish","type":"post","link":"https:\/\/www.radioamigavallenar.cl\/?p=10140","title":{"rendered":"Gobierno apunta a mejorar cifras de empleo y pone \u00e9nfasis en los dineros de reconstrucci\u00f3n que no se utilizaron"},"content":{"rendered":"<p style=\"text-align: justify;\"><a href=\"http:\/\/www.radioamigavallenar.cl\/wp-content\/uploads\/2018\/05\/materiales-falsificados.jpeg\"><img loading=\"lazy\" decoding=\"async\" class=\" size-medium wp-image-10141 aligncenter\" src=\"http:\/\/www.radioamigavallenar.cl\/wp-content\/uploads\/2018\/05\/materiales-falsificados-300x172.jpeg\" alt=\"materiales-falsificados\" width=\"300\" height=\"172\" srcset=\"https:\/\/www.radioamigavallenar.cl\/wp-content\/uploads\/2018\/05\/materiales-falsificados-300x172.jpeg 300w, https:\/\/www.radioamigavallenar.cl\/wp-content\/uploads\/2018\/05\/materiales-falsificados.jpeg 700w\" sizes=\"auto, (max-width: 300px) 100vw, 300px\" \/><\/a><\/p>\n<p style=\"text-align: justify;\">La tasa de desocupaci\u00f3n regional del trimestre m\u00f3vil febrero &#8211; abril 2018 fue 8,7%, no presentando variaci\u00f3n respecto al periodo anterior, mientras que la comparaci\u00f3n en doce meses registr\u00f3 un aumento de 1,3 puntos porcentuales, seg\u00fan inform\u00f3 el Instituto Nacional de Estad\u00edsticas (INE) en Atacama.<\/p>\n<p style=\"text-align: justify;\">Al respecto la primera autoridad regional, Intendenta Berta Torres, manifest\u00f3 que \u201cnosotros estamos preocupados de esta cantidad de gente que va a salir a buscar trabajo y que tiene problemas para encontrarlo. En concordancia con lo que hemos estado conversando con las distintas empresas mineras, ellos tienen claro que deben darle prioridad a nuestros desocupados de la regi\u00f3n\u201d.<\/p>\n<p style=\"text-align: justify;\">Seg\u00fan lo informado por el organismo estad\u00edstico el crecimiento anual de la tasa de desocupaci\u00f3n se explic\u00f3 por el incremento de 6,9% de los Ocupados, el que fue menor al alza de 8,3% presentada por la Fuerza de Trabajo.<\/p>\n<p style=\"text-align: justify;\">En este sentido el Seremi de Econom\u00eda, Manuel Nanjari, coment\u00f3 que \u201cen t\u00e9rminos concretos debemos explicarle a la poblaci\u00f3n que la fuerza de trabajo ha aumentado, que hemos creados empleos y que somos la regi\u00f3n que m\u00e1s empleos crea en el pa\u00eds, porcentualmente hablando, con 8230 puestos de trabajo en un a\u00f1o lo que significa que seguimos siendo esa regi\u00f3n pujante y las iniciativas en materia econ\u00f3mica que el presidente Sebasti\u00e1n Pi\u00f1era ha impulsado han reactivado la expectativa de la comunidad para salir a buscar trabajo. As\u00ed que el compromiso es con aquellas personas que todav\u00eda no puede encontrar trabajo y generar las condiciones propicias para que el d\u00eda de ma\u00f1ana los trabajos se puedan desarrollar\u201d.<\/p>\n<p style=\"text-align: justify;\">Respecto a las acciones que est\u00e1 tomando el gobierno en materia laboral en la regi\u00f3n, el Seremi del Trabajo en Atacama, Carlos Leal, coment\u00f3 que \u201cnos hemos reunidos con las empresas de la regi\u00f3n para poder hacer los acuerdos pertinentes para la contrataci\u00f3n de mano de obra local en todo los proyectos que se nos vienen. Adem\u00e1s por medio del Sence estamos trabajando en la focalizaci\u00f3n de las capacitaciones y certificaciones para garantizar que las personas se capaciten no s\u00f3lo para lo que hay sino para lo que viene\u201d.<\/p>\n<p style=\"text-align: justify;\">\u201cSi hoy en d\u00eda cont\u00e1ramos con los 500 millones de d\u00f3lares que no llegaron a nuestra regi\u00f3n podr\u00edamos tener una tasa de desocupaci\u00f3n mucho menor, con inversi\u00f3n en rehabilitaci\u00f3n de camino, reconstrucci\u00f3n de vivienda y con una absorci\u00f3n directa de mano de obra local\u201d, enfatiz\u00f3 Carlos Leal.<\/p>\n<p style=\"text-align: justify;\">En este mismo sentido, la Intendenta Torres agreg\u00f3 \u201cindudablemente que 500 millones de d\u00f3lares que no han sido inyectados en la econom\u00eda regional por supuesto que significan una gran p\u00e9rdida para Atacama, porque no generaron empleo, no estuvieron circulando en nuestra regi\u00f3n, por lo tanto yo creo que en eso el gobierno anterior qued\u00f3 al debe. Por lo tanto nosotros en este momento estamos generando una cantidad de empleos y expectativas que han permitido que las personas se movilicen en la b\u00fasqueda de trabajo.\u201d<\/p>\n<p style=\"text-align: justify;\">El informe entregado por el INE indica que las tres ramas de actividad econ\u00f3mica que m\u00e1s incidieron en el alza de la ocupaci\u00f3n (6,9%) en 12 meses, fueron: Comercio (19,1%), Miner\u00eda (11,4%) y Alojamiento y Servicio de Comidas (48,4%).<\/p>\n<p style=\"text-align: justify;\">Al respecto la Seremi de Hacienda, Maria Soledad Lingua, explic\u00f3 que \u201ccuando una econom\u00eda se comienza a dinamizar las personas tiene mayor confianza y por lo tanto realizan compras de bienes de consumo, es por eso que vemos que en este trimestre la mayor alza est\u00e1 en el comercio siendo un indicador de que la econom\u00eda se est\u00e1 activando en Atacama\u201d.<\/p>\n<p style=\"text-align: justify;\"><strong>Comunas<\/strong><\/p>\n<p style=\"text-align: justify;\">En el an\u00e1lisis por comunas el INE inform\u00f3 que en la ciudad de Copiap\u00f3 la Tasa de Desocupaci\u00f3n fue de 7,9% mientras que en Vallenar la cifra alcanza un 9,2% en el trimestre m\u00f3vil febrero- abril.<\/p>\n","protected":false},"excerpt":{"rendered":"<p>La tasa de desocupaci\u00f3n regional del trimestre m\u00f3vil febrero &#8211; abril 2018 fue 8,7%, no presentando variaci\u00f3n respecto al periodo anterior, mientras que la comparaci\u00f3n&hellip; <\/p>\n","protected":false},"author":2,"featured_media":10141,"comment_status":"open","ping_status":"closed","sticky":false,"template":"","format":"standard","meta":{"footnotes":""},"categories":[7],"tags":[],"class_list":["post-10140","post","type-post","status-publish","format-standard","has-post-thumbnail","hentry","category-atacama"],"_links":{"self":[{"href":"https:\/\/www.radioamigavallenar.cl\/index.php?rest_route=\/wp\/v2\/posts\/10140","targetHints":{"allow":["GET"]}}],"collection":[{"href":"https:\/\/www.radioamigavallenar.cl\/index.php?rest_route=\/wp\/v2\/posts"}],"about":[{"href":"https:\/\/www.radioamigavallenar.cl\/index.php?rest_route=\/wp\/v2\/types\/post"}],"author":[{"embeddable":true,"href":"https:\/\/www.radioamigavallenar.cl\/index.php?rest_route=\/wp\/v2\/users\/2"}],"replies":[{"embeddable":true,"href":"https:\/\/www.radioamigavallenar.cl\/index.php?rest_route=%2Fwp%2Fv2%2Fcomments&post=10140"}],"version-history":[{"count":0,"href":"https:\/\/www.radioamigavallenar.cl\/index.php?rest_route=\/wp\/v2\/posts\/10140\/revisions"}],"wp:featuredmedia":[{"embeddable":true,"href":"https:\/\/www.radioamigavallenar.cl\/index.php?rest_route=\/wp\/v2\/media\/10141"}],"wp:attachment":[{"href":"https:\/\/www.radioamigavallenar.cl\/index.php?rest_route=%2Fwp%2Fv2%2Fmedia&parent=10140"}],"wp:term":[{"taxonomy":"category","embeddable":true,"href":"https:\/\/www.radioamigavallenar.cl\/index.php?rest_route=%2Fwp%2Fv2%2Fcategories&post=10140"},{"taxonomy":"post_tag","embeddable":true,"href":"https:\/\/www.radioamigavallenar.cl\/index.php?rest_route=%2Fwp%2Fv2%2Ftags&post=10140"}],"curies":[{"name":"wp","href":"https:\/\/api.w.org\/{rel}","templated":true}]}}