{"id":10137,"date":"2018-05-31T17:42:04","date_gmt":"2018-05-31T20:42:04","guid":{"rendered":"http:\/\/www.radioamigavallenar.cl\/?p=10137"},"modified":"2018-05-31T17:42:04","modified_gmt":"2018-05-31T20:42:04","slug":"cap-mineria-exhibe-la-historia-de-planta-de-pellets-y-su-integracion-con-la-comunidad-del-valle-del-huasco","status":"publish","type":"post","link":"https:\/\/www.radioamigavallenar.cl\/?p=10137","title":{"rendered":"CAP Miner\u00eda exhibe la historia de Planta de Pellets y su integraci\u00f3n con la comunidad del Valle del Huasco"},"content":{"rendered":"<p style=\"text-align: center;\"><a href=\"http:\/\/www.radioamigavallenar.cl\/wp-content\/uploads\/2018\/05\/Exposici\u00f3n-PP-en-Huasco-2.jpg\"><img loading=\"lazy\" decoding=\"async\" class=\"alignnone size-medium wp-image-10138\" src=\"http:\/\/www.radioamigavallenar.cl\/wp-content\/uploads\/2018\/05\/Exposici\u00f3n-PP-en-Huasco-2-300x221.jpg\" alt=\"Exposici\u00f3n PP en Huasco 2\" width=\"300\" height=\"221\" srcset=\"https:\/\/www.radioamigavallenar.cl\/wp-content\/uploads\/2018\/05\/Exposici\u00f3n-PP-en-Huasco-2-300x221.jpg 300w, https:\/\/www.radioamigavallenar.cl\/wp-content\/uploads\/2018\/05\/Exposici\u00f3n-PP-en-Huasco-2.jpg 700w\" sizes=\"auto, (max-width: 300px) 100vw, 300px\" \/><\/a><\/p>\n<p style=\"text-align: justify;\">Este 2018, Planta de Pellets cumpli\u00f3 40 a\u00f1os de funcionamiento. Bajo esta consigna, la Oficina de Comunidades abri\u00f3 sus puertas para realizar la exposici\u00f3n denominada \u2018Historia y Futuro del Valle del Huasco 1978-2018\u2019, que relata mediante archivos de prensa, fotograf\u00edas y testimonios de anta\u00f1o, la historia de la mencionada faena y su integraci\u00f3n en el valle.<\/p>\n<p style=\"text-align: justify;\">La ceremonia cont\u00f3 con la presencia de autoridades de la comuna puerto, personal de la empresa, ex trabajadores de Planta de Pellets y distintos actores de la comunidad, incluyendo representantes de juntas de vecinos, emprendedores y cercanos a la miner\u00eda en el Valle del Huasco.<\/p>\n<p style=\"text-align: justify;\">Cabe subrayar que la exposici\u00f3n se extender\u00e1 hasta el jueves 31 de mayo en la Oficina de Comunidades de Huasco, ubicada en Serrano 236. Posteriormente, pasar\u00e1 de forma itinerante por distintos espacios de la comunidad, entre ellos,recintos educacionales y juntas de vecinos.<\/p>\n<p style=\"text-align: justify;\">En la jornada inaugural, Carolina Juli\u00e1, jefa de relacionamiento comunitario de CAP Miner\u00eda destac\u00f3 que \u201cla miner\u00eda del hierro fue parte del impulso y desarrollo del Valle del Huasco. Es importante conocer la historia para construir nuestro futuro\u201d.<\/p>\n<p style=\"text-align: justify;\">Asimismo, Luis Valenzuela, jefe de propiedad minera de CAP Miner\u00eda, expuso sobre la historia minera del hierro en el Valle del Huasco y revel\u00f3 detalles de la puesta en marcha de Planta de Pellets. \u201cTuve la experiencia de conocer a todo el personal que tuvo la tarea de iniciar la planta\u201d, acot\u00f3, agregando que el hierro \u201cha sido fundamental en el desarrollo del territorio\u201d.<\/p>\n<p style=\"text-align: justify;\">Por su parte, Adriana C\u00e1rdenas, concejal de Huasco, sostuvo que la comunidad \u201cdebe agradecer el desarrollo que se ha generado en nuestra comuna gracias a las empresas mineras, principalmente CAP Miner\u00eda\u201d.<\/p>\n<p style=\"text-align: justify;\">Palabras compartidas con su par, el concejal de Huasco Rafael Vega, quien fue testigo de la puesta en marcha de Planta de Pellets. \u201cSoy hijo de esta tierra, presenci\u00e9 todo el inicio de la faena y es un orgullo estar celebrando los 40 a\u00f1os desde la instalaci\u00f3n\u201d, indic\u00f3.<\/p>\n<p style=\"text-align: justify;\">Uno de los ex trabajadores que se hizo presente en la exposici\u00f3n fue el ex maestro mec\u00e1nico, Sergio Arsenio. \u201cEsta muestra me trae tantos recuerdos gratos que dan ganas de llorar y volver a la planta para revivirlos. Siempre he dicho que CAP Miner\u00eda me lo dio todo, un trabajo, un hogar, y una jubilaci\u00f3n justa\u201d.<\/p>\n<p style=\"text-align: justify;\"><strong>Participaci\u00f3n en el D\u00eda del Patrimonio<\/strong><\/p>\n<p style=\"text-align: justify;\">La exhibici\u00f3n \u2018Historia y Futuro en el Valle del Huasco, 1978-2018\u2019 se present\u00f3 por primera vez en el D\u00eda del Patrimonio Cultural, celebrado por la municipalidad \u00a0de Huasco este domingo 27 de mayo en calle Craig. Hasta el lugar llegaron cerca de mil personas, quienes disfrutaron de una feria de antig\u00fcedades, artesan\u00edas y gastronom\u00eda de la zona.<\/p>\n<p style=\"text-align: justify;\">Adem\u00e1s, por parte de CAP Miner\u00eda, participaron ocho emprendedores del programa Acci\u00f3n Emprende a trav\u00e9s de la venta de sus diversos productos.<\/p>\n","protected":false},"excerpt":{"rendered":"<p>Este 2018, Planta de Pellets cumpli\u00f3 40 a\u00f1os de funcionamiento. Bajo esta consigna, la Oficina de Comunidades abri\u00f3 sus puertas para realizar la exposici\u00f3n denominada&hellip; <\/p>\n","protected":false},"author":2,"featured_media":10138,"comment_status":"open","ping_status":"closed","sticky":false,"template":"","format":"standard","meta":{"footnotes":""},"categories":[4],"tags":[],"class_list":["post-10137","post","type-post","status-publish","format-standard","has-post-thumbnail","hentry","category-huasco"],"_links":{"self":[{"href":"https:\/\/www.radioamigavallenar.cl\/index.php?rest_route=\/wp\/v2\/posts\/10137","targetHints":{"allow":["GET"]}}],"collection":[{"href":"https:\/\/www.radioamigavallenar.cl\/index.php?rest_route=\/wp\/v2\/posts"}],"about":[{"href":"https:\/\/www.radioamigavallenar.cl\/index.php?rest_route=\/wp\/v2\/types\/post"}],"author":[{"embeddable":true,"href":"https:\/\/www.radioamigavallenar.cl\/index.php?rest_route=\/wp\/v2\/users\/2"}],"replies":[{"embeddable":true,"href":"https:\/\/www.radioamigavallenar.cl\/index.php?rest_route=%2Fwp%2Fv2%2Fcomments&post=10137"}],"version-history":[{"count":0,"href":"https:\/\/www.radioamigavallenar.cl\/index.php?rest_route=\/wp\/v2\/posts\/10137\/revisions"}],"wp:featuredmedia":[{"embeddable":true,"href":"https:\/\/www.radioamigavallenar.cl\/index.php?rest_route=\/wp\/v2\/media\/10138"}],"wp:attachment":[{"href":"https:\/\/www.radioamigavallenar.cl\/index.php?rest_route=%2Fwp%2Fv2%2Fmedia&parent=10137"}],"wp:term":[{"taxonomy":"category","embeddable":true,"href":"https:\/\/www.radioamigavallenar.cl\/index.php?rest_route=%2Fwp%2Fv2%2Fcategories&post=10137"},{"taxonomy":"post_tag","embeddable":true,"href":"https:\/\/www.radioamigavallenar.cl\/index.php?rest_route=%2Fwp%2Fv2%2Ftags&post=10137"}],"curies":[{"name":"wp","href":"https:\/\/api.w.org\/{rel}","templated":true}]}}