{"id":10122,"date":"2018-05-30T10:39:47","date_gmt":"2018-05-30T13:39:47","guid":{"rendered":"http:\/\/www.radioamigavallenar.cl\/?p=10122"},"modified":"2018-05-30T10:39:47","modified_gmt":"2018-05-30T13:39:47","slug":"en-vallenar-carabineros-fortalece-acciones-preventivas","status":"publish","type":"post","link":"https:\/\/www.radioamigavallenar.cl\/?p=10122","title":{"rendered":"En Vallenar Carabineros fortalece acciones preventivas"},"content":{"rendered":"<p style=\"text-align: justify;\"><a href=\"http:\/\/www.radioamigavallenar.cl\/wp-content\/uploads\/2018\/05\/Carabineros-Vallenar1.jpg\"><img loading=\"lazy\" decoding=\"async\" class=\" size-medium wp-image-10123 aligncenter\" src=\"http:\/\/www.radioamigavallenar.cl\/wp-content\/uploads\/2018\/05\/Carabineros-Vallenar1-300x225.jpg\" alt=\"Carabineros Vallenar\" width=\"300\" height=\"225\" srcset=\"https:\/\/www.radioamigavallenar.cl\/wp-content\/uploads\/2018\/05\/Carabineros-Vallenar1-300x225.jpg 300w, https:\/\/www.radioamigavallenar.cl\/wp-content\/uploads\/2018\/05\/Carabineros-Vallenar1.jpg 700w\" sizes=\"auto, (max-width: 300px) 100vw, 300px\" \/><\/a><\/p>\n<p style=\"text-align: justify;\">El personal de la Oficina de Integraci\u00f3n Comunitaria (modalidad MICC), de la Tercera Comisar\u00eda de Carabineros Vallenar, est\u00e1 realizando una serie de acciones preventivas, dirigidas especialmente a fortalecer la seguridad y autocuidado en las personas y estrechar lazos de seguridad con comerciantes.<\/p>\n<p>Esta jornada de difusi\u00f3n estuvo a cargo del suboficial Cristian Vergara Rojas, el Sargento 2\u00b0 Joan Serey Correa y el cabo 2\u00b0 Jorge Arancibia Acu\u00f1a, delegados del cuadrante N\u00b01 y N\u00b02 respectivamente y se llev\u00f3 a efecto en los sectores poblacionales del cuadrante N\u00b02 espec\u00edficamente Las Terrazas, Altos Del Valle, Los Regidores.<\/p>\n<p>En la ocasi\u00f3n, el personal policial entreg\u00f3 d\u00edpticos con recomendaciones de seguridad, pero al mismo tiempo recepcion\u00f3 inquietudes de parte de los vecinos, como tambi\u00e9n de comerciantes de estos sectores poblacionales, las cuales ser\u00e1n incluidas en el Sistema T\u00e1ctico de Operaci\u00f3n Policial para su an\u00e1lisis y focalizaci\u00f3n de servicios.<\/p>\n<p style=\"text-align: justify;\">Seg\u00fan lo se\u00f1alado por el comisario Mayor H\u00e9ctor Rojas Castillo, esta jornada est\u00e1 inserta en las diferentes actividades programadas en el Plan Cuadrante de Seguridad Preventiva y tambi\u00e9n forma parte de los compromisos asumidos por el Jefe de la III Zona de Carabineros Atacama, general Jorge Tobar Alfaro con las autoridades de la provincia en la \u00faltima sesi\u00f3n del Sistema T\u00e1ctico de Operaci\u00f3n Policial (STOP).<\/p>\n","protected":false},"excerpt":{"rendered":"<p>El personal de la Oficina de Integraci\u00f3n Comunitaria (modalidad MICC), de la Tercera Comisar\u00eda de Carabineros Vallenar, est\u00e1 realizando una serie de acciones preventivas, dirigidas&hellip; <\/p>\n","protected":false},"author":2,"featured_media":10123,"comment_status":"open","ping_status":"closed","sticky":false,"template":"","format":"standard","meta":{"footnotes":""},"categories":[6],"tags":[],"class_list":["post-10122","post","type-post","status-publish","format-standard","has-post-thumbnail","hentry","category-policial"],"_links":{"self":[{"href":"https:\/\/www.radioamigavallenar.cl\/index.php?rest_route=\/wp\/v2\/posts\/10122","targetHints":{"allow":["GET"]}}],"collection":[{"href":"https:\/\/www.radioamigavallenar.cl\/index.php?rest_route=\/wp\/v2\/posts"}],"about":[{"href":"https:\/\/www.radioamigavallenar.cl\/index.php?rest_route=\/wp\/v2\/types\/post"}],"author":[{"embeddable":true,"href":"https:\/\/www.radioamigavallenar.cl\/index.php?rest_route=\/wp\/v2\/users\/2"}],"replies":[{"embeddable":true,"href":"https:\/\/www.radioamigavallenar.cl\/index.php?rest_route=%2Fwp%2Fv2%2Fcomments&post=10122"}],"version-history":[{"count":0,"href":"https:\/\/www.radioamigavallenar.cl\/index.php?rest_route=\/wp\/v2\/posts\/10122\/revisions"}],"wp:featuredmedia":[{"embeddable":true,"href":"https:\/\/www.radioamigavallenar.cl\/index.php?rest_route=\/wp\/v2\/media\/10123"}],"wp:attachment":[{"href":"https:\/\/www.radioamigavallenar.cl\/index.php?rest_route=%2Fwp%2Fv2%2Fmedia&parent=10122"}],"wp:term":[{"taxonomy":"category","embeddable":true,"href":"https:\/\/www.radioamigavallenar.cl\/index.php?rest_route=%2Fwp%2Fv2%2Fcategories&post=10122"},{"taxonomy":"post_tag","embeddable":true,"href":"https:\/\/www.radioamigavallenar.cl\/index.php?rest_route=%2Fwp%2Fv2%2Ftags&post=10122"}],"curies":[{"name":"wp","href":"https:\/\/api.w.org\/{rel}","templated":true}]}}