{"id":10119,"date":"2018-05-30T10:30:33","date_gmt":"2018-05-30T13:30:33","guid":{"rendered":"http:\/\/www.radioamigavallenar.cl\/?p=10119"},"modified":"2018-05-30T10:30:33","modified_gmt":"2018-05-30T13:30:33","slug":"vallenar-conto-con-masiva-concurrencia-al-dia-del-patrimonio","status":"publish","type":"post","link":"https:\/\/www.radioamigavallenar.cl\/?p=10119","title":{"rendered":"Vallenar cont\u00f3 con masiva concurrencia al D\u00eda del Patrimonio"},"content":{"rendered":"<p style=\"text-align: justify;\"><a href=\"http:\/\/www.radioamigavallenar.cl\/wp-content\/uploads\/2018\/05\/Dia-patrimonio-Vallenar.jpg\"><img loading=\"lazy\" decoding=\"async\" class=\" size-medium wp-image-10120 aligncenter\" src=\"http:\/\/www.radioamigavallenar.cl\/wp-content\/uploads\/2018\/05\/Dia-patrimonio-Vallenar-300x200.jpg\" alt=\"Dia patrimonio Vallenar\" width=\"300\" height=\"200\" srcset=\"https:\/\/www.radioamigavallenar.cl\/wp-content\/uploads\/2018\/05\/Dia-patrimonio-Vallenar-300x200.jpg 300w, https:\/\/www.radioamigavallenar.cl\/wp-content\/uploads\/2018\/05\/Dia-patrimonio-Vallenar.jpg 700w\" sizes=\"auto, (max-width: 300px) 100vw, 300px\" \/><\/a><\/p>\n<p style=\"text-align: justify;\">Con un masivo respaldo del p\u00fablico, la comunidad de Vallenar celebr\u00f3 el d\u00eda del patrimonio, actividad organizada por el municipio local y donde participaron diferentes expositores provenientes de los rincones de la comuna y provincia del Huasco.<\/p>\n<p style=\"text-align: justify;\">El epicentro de la actividad fue la Plaza Ambrosio O\u2019Higgins, donde el alcalde Cristian Tapia Ramos junto a los concejales Norma Torrej\u00f3n Varela, Luis Valderrama Malt\u00e9s, V\u00edctor Isla Lutz, presidieron la ceremonia inaugural de las celebraciones del d\u00eda del Patrimonio, para posteriormente realizar un recorrido por los diferentes stand y exposiciones.<\/p>\n<p style=\"text-align: justify;\">Fueron diversas las expresiones y manifestaciones que adornaron cada rinc\u00f3n de la plaza de Vallenar, destacando la muestra de la Asociaci\u00f3n Minera de Domeyko, quienes expusieron diferentes materiales de trabajo e instrumentos caracter\u00edsticos de esa pujante localidad minera. Tambi\u00e9n llam\u00f3 la atenci\u00f3n la exposici\u00f3n de diferente stand con artesan\u00eda, literatura, pintura, materiales de la imprenta Rojas, gastronom\u00eda, trabajos y juegos t\u00edpicos de anta\u00f1o del artista y autodidacta Oscar Cubillos y la muestra del tel\u00e9grafo, entre otras.<\/p>\n<p style=\"text-align: justify;\">El alcalde de la comuna Cristian Tapia Ramos, al t\u00e9rmino del recorrido por los diferentes stands destac\u00f3 la gran convocatoria de gente que asisti\u00f3 a la actividad, sobre todo por las familias que junto a sus hijos recorrieron cada uno de los stand, reiterando su compromiso de continuar realizando estas actividades.<\/p>\n<p style=\"text-align: justify;\">\u201cEstas son las cosas lindas que tiene nuestra historia y tenemos que seguir manteni\u00e9ndolas vivas y no solamente este d\u00eda del patrimonio, ustedes saben que cada mes nos encontramos en este paseo p\u00fablico celebrando el d\u00eda del folclor o el d\u00eda de la cultura, as\u00ed que los invito a seguir participando de estas actividades porque como municipio lo hacemos con mucho cari\u00f1o para nuestra gente de Vallenar\u201d.<\/p>\n<p style=\"text-align: justify;\">Cabe destacar que la actividad estuvo acompa\u00f1ada con la presentaci\u00f3n de m\u00fasica en vivo a cargo de diversos artistas, como Pedro Bugue\u00f1o, la agrupaci\u00f3n folkl\u00f3rica Ch\u2019aska\u00d1awi y la presentaci\u00f3n del grupo de reconocida trayectoria musical en la zona, Pallay- Paka.<\/p>\n","protected":false},"excerpt":{"rendered":"<p>Con un masivo respaldo del p\u00fablico, la comunidad de Vallenar celebr\u00f3 el d\u00eda del patrimonio, actividad organizada por el municipio local y donde participaron diferentes&hellip; <\/p>\n","protected":false},"author":2,"featured_media":10120,"comment_status":"open","ping_status":"closed","sticky":false,"template":"","format":"standard","meta":{"footnotes":""},"categories":[2],"tags":[],"class_list":["post-10119","post","type-post","status-publish","format-standard","has-post-thumbnail","hentry","category-vallenar"],"_links":{"self":[{"href":"https:\/\/www.radioamigavallenar.cl\/index.php?rest_route=\/wp\/v2\/posts\/10119","targetHints":{"allow":["GET"]}}],"collection":[{"href":"https:\/\/www.radioamigavallenar.cl\/index.php?rest_route=\/wp\/v2\/posts"}],"about":[{"href":"https:\/\/www.radioamigavallenar.cl\/index.php?rest_route=\/wp\/v2\/types\/post"}],"author":[{"embeddable":true,"href":"https:\/\/www.radioamigavallenar.cl\/index.php?rest_route=\/wp\/v2\/users\/2"}],"replies":[{"embeddable":true,"href":"https:\/\/www.radioamigavallenar.cl\/index.php?rest_route=%2Fwp%2Fv2%2Fcomments&post=10119"}],"version-history":[{"count":0,"href":"https:\/\/www.radioamigavallenar.cl\/index.php?rest_route=\/wp\/v2\/posts\/10119\/revisions"}],"wp:featuredmedia":[{"embeddable":true,"href":"https:\/\/www.radioamigavallenar.cl\/index.php?rest_route=\/wp\/v2\/media\/10120"}],"wp:attachment":[{"href":"https:\/\/www.radioamigavallenar.cl\/index.php?rest_route=%2Fwp%2Fv2%2Fmedia&parent=10119"}],"wp:term":[{"taxonomy":"category","embeddable":true,"href":"https:\/\/www.radioamigavallenar.cl\/index.php?rest_route=%2Fwp%2Fv2%2Fcategories&post=10119"},{"taxonomy":"post_tag","embeddable":true,"href":"https:\/\/www.radioamigavallenar.cl\/index.php?rest_route=%2Fwp%2Fv2%2Ftags&post=10119"}],"curies":[{"name":"wp","href":"https:\/\/api.w.org\/{rel}","templated":true}]}}