{"id":10110,"date":"2018-05-29T10:41:32","date_gmt":"2018-05-29T13:41:32","guid":{"rendered":"http:\/\/www.radioamigavallenar.cl\/?p=10110"},"modified":"2018-05-29T10:41:32","modified_gmt":"2018-05-29T13:41:32","slug":"en-san-felix-carabineros-difunde-telefono-del-denuncia-seguro","status":"publish","type":"post","link":"https:\/\/www.radioamigavallenar.cl\/?p=10110","title":{"rendered":"En San F\u00e9lix carabineros difunde tel\u00e9fono del \u00abdenuncia seguro\u00bb"},"content":{"rendered":"<p style=\"text-align: justify;\"><a href=\"http:\/\/www.radioamigavallenar.cl\/wp-content\/uploads\/2018\/05\/Carabineros-en-san-felix.jpeg\"><img loading=\"lazy\" decoding=\"async\" class=\" size-medium wp-image-10111 aligncenter\" src=\"http:\/\/www.radioamigavallenar.cl\/wp-content\/uploads\/2018\/05\/Carabineros-en-san-felix-300x225.jpeg\" alt=\"Carabineros en san felix\" width=\"300\" height=\"225\" srcset=\"https:\/\/www.radioamigavallenar.cl\/wp-content\/uploads\/2018\/05\/Carabineros-en-san-felix-300x225.jpeg 300w, https:\/\/www.radioamigavallenar.cl\/wp-content\/uploads\/2018\/05\/Carabineros-en-san-felix.jpeg 700w\" sizes=\"auto, (max-width: 300px) 100vw, 300px\" \/><\/a><\/p>\n<p style=\"text-align: justify;\">Personal de la oficina de integraci\u00f3n comunitaria de la Tercera Comisar\u00eda Vallenar, particip\u00f3 de una jornada preventiva e informativa en la localidad rural de San F\u00e9lix, al interior de la comuna de Alto del Carmen.<\/p>\n<p style=\"text-align: justify;\">En la ocasi\u00f3n, el suboficial mayor Ren\u00e9 Godoy Casta\u00f1eda, el suboficial Cristian Vergara Rojas y el cabo 2\u00b0 Jorge Arancibia Acu\u00f1a, se instalaron con stand en la plaza de la localidad rural y entregaron a la comunidad volantes con informaci\u00f3n preventiva respecto al tel\u00e9fono denuncia seguro que dispone el Gobierno, como tambi\u00e9n sobre la\u00a0entrega de armas de manera voluntaria y an\u00f3nima.<\/p>\n<p style=\"text-align: justify;\">El objetivo de esta iniciativa, inserta en el programa de Gobierno en terreno, busca\u00a0que la comunidad se interiorice respecto del trabajo que est\u00e1 llevando a efecto Carabineros para prevenir los delitos y tambi\u00e9n difundir aquellos mecanismos dispuestos para denunciar de forma segura.<\/p>\n<p style=\"text-align: justify;\">Respecto de la labor preventiva, el comisario Mayor H\u00e9ctor Rojas Castillo, se\u00f1al\u00f3 que como unidad territorial les interesa tener presencia permanente en estos sectores rurales, porque son zonas donde sus habitantes est\u00e1n muy dispersos y estas visitas les permite acercarse no solo a los vecinos, sino tambi\u00e9n a las autoridades y en este caso a Carabineros.<\/p>\n<p style=\"text-align: justify;\">Durante esta ocasi\u00f3n el personal de Carabineros aprovech\u00f3 para difundir mensajes preventivos y recomendaciones sobre la entrega voluntaria de armas, sean estas autorizadas o no inscritas.<\/p>\n","protected":false},"excerpt":{"rendered":"<p>Personal de la oficina de integraci\u00f3n comunitaria de la Tercera Comisar\u00eda Vallenar, particip\u00f3 de una jornada preventiva e informativa en la localidad rural de San&hellip; <\/p>\n","protected":false},"author":2,"featured_media":10111,"comment_status":"open","ping_status":"closed","sticky":false,"template":"","format":"standard","meta":{"footnotes":""},"categories":[6],"tags":[],"class_list":["post-10110","post","type-post","status-publish","format-standard","has-post-thumbnail","hentry","category-policial"],"_links":{"self":[{"href":"https:\/\/www.radioamigavallenar.cl\/index.php?rest_route=\/wp\/v2\/posts\/10110","targetHints":{"allow":["GET"]}}],"collection":[{"href":"https:\/\/www.radioamigavallenar.cl\/index.php?rest_route=\/wp\/v2\/posts"}],"about":[{"href":"https:\/\/www.radioamigavallenar.cl\/index.php?rest_route=\/wp\/v2\/types\/post"}],"author":[{"embeddable":true,"href":"https:\/\/www.radioamigavallenar.cl\/index.php?rest_route=\/wp\/v2\/users\/2"}],"replies":[{"embeddable":true,"href":"https:\/\/www.radioamigavallenar.cl\/index.php?rest_route=%2Fwp%2Fv2%2Fcomments&post=10110"}],"version-history":[{"count":0,"href":"https:\/\/www.radioamigavallenar.cl\/index.php?rest_route=\/wp\/v2\/posts\/10110\/revisions"}],"wp:featuredmedia":[{"embeddable":true,"href":"https:\/\/www.radioamigavallenar.cl\/index.php?rest_route=\/wp\/v2\/media\/10111"}],"wp:attachment":[{"href":"https:\/\/www.radioamigavallenar.cl\/index.php?rest_route=%2Fwp%2Fv2%2Fmedia&parent=10110"}],"wp:term":[{"taxonomy":"category","embeddable":true,"href":"https:\/\/www.radioamigavallenar.cl\/index.php?rest_route=%2Fwp%2Fv2%2Fcategories&post=10110"},{"taxonomy":"post_tag","embeddable":true,"href":"https:\/\/www.radioamigavallenar.cl\/index.php?rest_route=%2Fwp%2Fv2%2Ftags&post=10110"}],"curies":[{"name":"wp","href":"https:\/\/api.w.org\/{rel}","templated":true}]}}